{"id":2682,"date":"2014-03-12T10:28:10","date_gmt":"2014-03-12T09:28:10","guid":{"rendered":"http:\/\/www.abc-gefahren.de\/blog\/?p=2682"},"modified":"2014-03-04T11:08:44","modified_gmt":"2014-03-04T10:08:44","slug":"security-essen-vom-23-bis-26-september-2014","status":"publish","type":"post","link":"https:\/\/www.abc-gefahren.de\/blog\/2014\/03\/12\/security-essen-vom-23-bis-26-september-2014\/","title":{"rendered":"Security Essen vom 23. bis 26. September 2014"},"content":{"rendered":"<p>Die\u00a0Security Essen, Weltleitmesse f\u00fcr Sicherheit und Brandschutz pr\u00e4sentiert vom 23. bis 26. September 2014 internationale Trends\u00a0in der Messe Essen. In diesem Jahr feiert\u00a0<span style=\"line-height: 24px;\">Security Essen\u00a0<\/span>ihren 40j\u00e4hrigen Geburtstag.<\/p>\n<p><!--more--><\/p>\n<p>Es pr\u00e4sentieren sich deutlich mehr als 1000 Aussteller auf der Messe.\u00a0Sie repr\u00e4sentieren erstmals mehr als 40 Marktsegmente \u2013 von der mechanischen Sicherungstechnik \u00fcber Brandschutz, Freigel\u00e4ndesicherung und CCTV bis zur Terrorpr\u00e4vention. Zu den Attraktionen der Messe geh\u00f6ren spektakul\u00e4re Tests, Live-Vorf\u00fchrungen, Workshops und Expertenforen.<span style=\"font-family: Helvetica; font-size: 12px; line-height: normal;\"><br \/>\n<\/span><\/p>\n<p>Dabei wird der Schutz vor chemischen, biologischen, radiologischen und nuklearen Gefahren (CBRN-Gefahren) von den Aussteller auch aufgegriffen.<\/p>\n<p>Weitere Informationen unter: <a title=\"www.security-essen.de\" href=\"http:\/\/www.security-essen.de\" target=\"_blank\">www.security-essen.de<\/a><\/p>\n","protected":false},"excerpt":{"rendered":"<p>Die\u00a0Security Essen, Weltleitmesse f\u00fcr Sicherheit und Brandschutz pr\u00e4sentiert vom 23. bis 26. September 2014 internationale Trends\u00a0in der Messe Essen. In diesem Jahr feiert\u00a0Security Essen\u00a0ihren 40j\u00e4hrigen Geburtstag.<\/p>\n","protected":false},"author":2,"featured_media":0,"comment_status":"open","ping_status":"open","sticky":false,"template":"","format":"standard","meta":{"jetpack_post_was_ever_published":false,"_jetpack_newsletter_access":"","_jetpack_dont_email_post_to_subs":false,"_jetpack_newsletter_tier_id":0,"_jetpack_memberships_contains_paywalled_content":false,"_jetpack_memberships_contains_paid_content":false,"footnotes":"","jetpack_publicize_message":"","jetpack_publicize_feature_enabled":true,"jetpack_social_post_already_shared":true,"jetpack_social_options":{"image_generator_settings":{"template":"highway","default_image_id":0,"font":"","enabled":false},"version":2}},"categories":[113],"tags":[583,149,582],"class_list":["post-2682","post","type-post","status-publish","format-standard","hentry","category-veranstaltungen","tag-essen","tag-messe","tag-security"],"yoast_head":"<!-- This site is optimized with the Yoast SEO plugin v27.5 - https:\/\/yoast.com\/product\/yoast-seo-wordpress\/ -->\n<title>Security Essen vom 23. bis 26. September 2014 - ABC-Gefahren - Blog<\/title>\n<meta name=\"robots\" content=\"index, follow, max-snippet:-1, max-image-preview:large, max-video-preview:-1\" \/>\n<link rel=\"canonical\" href=\"https:\/\/www.abc-gefahren.de\/blog\/2014\/03\/12\/security-essen-vom-23-bis-26-september-2014\/\" \/>\n<meta property=\"og:locale\" content=\"de_DE\" \/>\n<meta property=\"og:type\" content=\"article\" \/>\n<meta property=\"og:title\" content=\"Security Essen vom 23. bis 26. September 2014 - ABC-Gefahren - Blog\" \/>\n<meta property=\"og:description\" content=\"Die\u00a0Security Essen, Weltleitmesse f\u00fcr Sicherheit und Brandschutz pr\u00e4sentiert vom 23. bis 26. September 2014 internationale Trends\u00a0in der Messe Essen. In diesem Jahr feiert\u00a0Security Essen\u00a0ihren 40j\u00e4hrigen Geburtstag.\" \/>\n<meta property=\"og:url\" content=\"https:\/\/www.abc-gefahren.de\/blog\/2014\/03\/12\/security-essen-vom-23-bis-26-september-2014\/\" \/>\n<meta property=\"og:site_name\" content=\"ABC-Gefahren - Blog\" \/>\n<meta property=\"article:publisher\" content=\"https:\/\/www.facebook.com\/ABCGefahren\/\" \/>\n<meta property=\"article:published_time\" content=\"2014-03-12T09:28:10+00:00\" \/>\n<meta name=\"author\" content=\"Andre Schild\" \/>\n<meta name=\"twitter:card\" content=\"summary_large_image\" \/>\n<meta name=\"twitter:creator\" content=\"@http:\/\/www.twitter.com\/abcist\" \/>\n<meta name=\"twitter:site\" content=\"@abcgefahren\" \/>\n<meta name=\"twitter:label1\" content=\"Verfasst von\" \/>\n\t<meta name=\"twitter:data1\" content=\"Andre Schild\" \/>\n\t<meta name=\"twitter:label2\" content=\"Gesch\u00e4tzte Lesezeit\" \/>\n\t<meta name=\"twitter:data2\" content=\"1\u00a0Minute\" \/>\n<script type=\"application\/ld+json\" class=\"yoast-schema-graph\">{\"@context\":\"https:\\\/\\\/schema.org\",\"@graph\":[{\"@type\":\"Article\",\"@id\":\"https:\\\/\\\/www.abc-gefahren.de\\\/blog\\\/2014\\\/03\\\/12\\\/security-essen-vom-23-bis-26-september-2014\\\/#article\",\"isPartOf\":{\"@id\":\"https:\\\/\\\/www.abc-gefahren.de\\\/blog\\\/2014\\\/03\\\/12\\\/security-essen-vom-23-bis-26-september-2014\\\/\"},\"author\":{\"name\":\"Andre Schild\",\"@id\":\"https:\\\/\\\/www.abc-gefahren.de\\\/blog\\\/#\\\/schema\\\/person\\\/492dffd15f0af7cad8a75a0634d25497\"},\"headline\":\"Security Essen vom 23. bis 26. September 2014\",\"datePublished\":\"2014-03-12T09:28:10+00:00\",\"mainEntityOfPage\":{\"@id\":\"https:\\\/\\\/www.abc-gefahren.de\\\/blog\\\/2014\\\/03\\\/12\\\/security-essen-vom-23-bis-26-september-2014\\\/\"},\"wordCount\":105,\"commentCount\":0,\"publisher\":{\"@id\":\"https:\\\/\\\/www.abc-gefahren.de\\\/blog\\\/#organization\"},\"keywords\":[\"Essen\",\"Messe\",\"Security\"],\"articleSection\":[\"Veranstaltungen\"],\"inLanguage\":\"de\",\"potentialAction\":[{\"@type\":\"CommentAction\",\"name\":\"Comment\",\"target\":[\"https:\\\/\\\/www.abc-gefahren.de\\\/blog\\\/2014\\\/03\\\/12\\\/security-essen-vom-23-bis-26-september-2014\\\/#respond\"]}]},{\"@type\":\"WebPage\",\"@id\":\"https:\\\/\\\/www.abc-gefahren.de\\\/blog\\\/2014\\\/03\\\/12\\\/security-essen-vom-23-bis-26-september-2014\\\/\",\"url\":\"https:\\\/\\\/www.abc-gefahren.de\\\/blog\\\/2014\\\/03\\\/12\\\/security-essen-vom-23-bis-26-september-2014\\\/\",\"name\":\"Security Essen vom 23. bis 26. September 2014 - ABC-Gefahren - Blog\",\"isPartOf\":{\"@id\":\"https:\\\/\\\/www.abc-gefahren.de\\\/blog\\\/#website\"},\"datePublished\":\"2014-03-12T09:28:10+00:00\",\"breadcrumb\":{\"@id\":\"https:\\\/\\\/www.abc-gefahren.de\\\/blog\\\/2014\\\/03\\\/12\\\/security-essen-vom-23-bis-26-september-2014\\\/#breadcrumb\"},\"inLanguage\":\"de\",\"potentialAction\":[{\"@type\":\"ReadAction\",\"target\":[\"https:\\\/\\\/www.abc-gefahren.de\\\/blog\\\/2014\\\/03\\\/12\\\/security-essen-vom-23-bis-26-september-2014\\\/\"]}]},{\"@type\":\"BreadcrumbList\",\"@id\":\"https:\\\/\\\/www.abc-gefahren.de\\\/blog\\\/2014\\\/03\\\/12\\\/security-essen-vom-23-bis-26-september-2014\\\/#breadcrumb\",\"itemListElement\":[{\"@type\":\"ListItem\",\"position\":1,\"name\":\"Startseite\",\"item\":\"https:\\\/\\\/www.abc-gefahren.de\\\/blog\\\/\"},{\"@type\":\"ListItem\",\"position\":2,\"name\":\"Security Essen vom 23. bis 26. September 2014\"}]},{\"@type\":\"WebSite\",\"@id\":\"https:\\\/\\\/www.abc-gefahren.de\\\/blog\\\/#website\",\"url\":\"https:\\\/\\\/www.abc-gefahren.de\\\/blog\\\/\",\"name\":\"ABC-Gefahren - Blog\",\"description\":\"Der Weblog des Portals ABC-Gefahren.de\",\"publisher\":{\"@id\":\"https:\\\/\\\/www.abc-gefahren.de\\\/blog\\\/#organization\"},\"potentialAction\":[{\"@type\":\"SearchAction\",\"target\":{\"@type\":\"EntryPoint\",\"urlTemplate\":\"https:\\\/\\\/www.abc-gefahren.de\\\/blog\\\/?s={search_term_string}\"},\"query-input\":{\"@type\":\"PropertyValueSpecification\",\"valueRequired\":true,\"valueName\":\"search_term_string\"}}],\"inLanguage\":\"de\"},{\"@type\":\"Organization\",\"@id\":\"https:\\\/\\\/www.abc-gefahren.de\\\/blog\\\/#organization\",\"name\":\"ABC-Gefahren\",\"url\":\"https:\\\/\\\/www.abc-gefahren.de\\\/blog\\\/\",\"logo\":{\"@type\":\"ImageObject\",\"inLanguage\":\"de\",\"@id\":\"https:\\\/\\\/www.abc-gefahren.de\\\/blog\\\/#\\\/schema\\\/logo\\\/image\\\/\",\"url\":\"https:\\\/\\\/www.abc-gefahren.de\\\/blog\\\/wp-content\\\/uploads\\\/2015\\\/05\\\/cropped-logo-abcgefahren-2.jpg\",\"contentUrl\":\"https:\\\/\\\/www.abc-gefahren.de\\\/blog\\\/wp-content\\\/uploads\\\/2015\\\/05\\\/cropped-logo-abcgefahren-2.jpg\",\"width\":603,\"height\":602,\"caption\":\"ABC-Gefahren\"},\"image\":{\"@id\":\"https:\\\/\\\/www.abc-gefahren.de\\\/blog\\\/#\\\/schema\\\/logo\\\/image\\\/\"},\"sameAs\":[\"https:\\\/\\\/www.facebook.com\\\/ABCGefahren\\\/\",\"https:\\\/\\\/x.com\\\/abcgefahren\",\"https:\\\/\\\/www.instagram.com\\\/abcgefahren\\\/\",\"https:\\\/\\\/abcgefahren.bsky.social\\\/\",\"https:\\\/\\\/www.threads.net\\\/@abcgefahren\"]},{\"@type\":\"Person\",\"@id\":\"https:\\\/\\\/www.abc-gefahren.de\\\/blog\\\/#\\\/schema\\\/person\\\/492dffd15f0af7cad8a75a0634d25497\",\"name\":\"Andre Schild\",\"image\":{\"@type\":\"ImageObject\",\"inLanguage\":\"de\",\"@id\":\"https:\\\/\\\/secure.gravatar.com\\\/avatar\\\/d26ae222c2bfde5d184c51be81aed9d6d33e0a4422c68c98a35d8324959e51d1?s=96&d=mm&r=g\",\"url\":\"https:\\\/\\\/secure.gravatar.com\\\/avatar\\\/d26ae222c2bfde5d184c51be81aed9d6d33e0a4422c68c98a35d8324959e51d1?s=96&d=mm&r=g\",\"contentUrl\":\"https:\\\/\\\/secure.gravatar.com\\\/avatar\\\/d26ae222c2bfde5d184c51be81aed9d6d33e0a4422c68c98a35d8324959e51d1?s=96&d=mm&r=g\",\"caption\":\"Andre Schild\"},\"description\":\"Ist Gr\u00fcnder und Betreiber von ABC-Gefahren.de. Das \u201cj\u00fcngste Kind\u201ddieses Portales ist dieser Weblog bzw. Blog. Neben Artikel aus dem gesamtem Spektrum der ABC-Gefahren liegt sein Schwerpunkt in der Informationsbeschaffung in ABC-Lagen und der ABC-Auswertung. Sein Ziel den Ausbildungsstand im Bereich der ABC-Gefahren zu verbessern verfolgt er auch hier im Blog.\",\"sameAs\":[\"http:\\\/\\\/www.abc-gefahren.de\",\"https:\\\/\\\/x.com\\\/http:\\\/\\\/www.twitter.com\\\/abcist\"],\"url\":\"https:\\\/\\\/www.abc-gefahren.de\\\/blog\\\/author\\\/andre-schild\\\/\"}]}<\/script>\n<!-- \/ Yoast SEO plugin. -->","yoast_head_json":{"title":"Security Essen vom 23. bis 26. September 2014 - ABC-Gefahren - Blog","robots":{"index":"index","follow":"follow","max-snippet":"max-snippet:-1","max-image-preview":"max-image-preview:large","max-video-preview":"max-video-preview:-1"},"canonical":"https:\/\/www.abc-gefahren.de\/blog\/2014\/03\/12\/security-essen-vom-23-bis-26-september-2014\/","og_locale":"de_DE","og_type":"article","og_title":"Security Essen vom 23. bis 26. September 2014 - ABC-Gefahren - Blog","og_description":"Die\u00a0Security Essen, Weltleitmesse f\u00fcr Sicherheit und Brandschutz pr\u00e4sentiert vom 23. bis 26. September 2014 internationale Trends\u00a0in der Messe Essen. In diesem Jahr feiert\u00a0Security Essen\u00a0ihren 40j\u00e4hrigen Geburtstag.","og_url":"https:\/\/www.abc-gefahren.de\/blog\/2014\/03\/12\/security-essen-vom-23-bis-26-september-2014\/","og_site_name":"ABC-Gefahren - Blog","article_publisher":"https:\/\/www.facebook.com\/ABCGefahren\/","article_published_time":"2014-03-12T09:28:10+00:00","author":"Andre Schild","twitter_card":"summary_large_image","twitter_creator":"@http:\/\/www.twitter.com\/abcist","twitter_site":"@abcgefahren","twitter_misc":{"Verfasst von":"Andre Schild","Gesch\u00e4tzte Lesezeit":"1\u00a0Minute"},"schema":{"@context":"https:\/\/schema.org","@graph":[{"@type":"Article","@id":"https:\/\/www.abc-gefahren.de\/blog\/2014\/03\/12\/security-essen-vom-23-bis-26-september-2014\/#article","isPartOf":{"@id":"https:\/\/www.abc-gefahren.de\/blog\/2014\/03\/12\/security-essen-vom-23-bis-26-september-2014\/"},"author":{"name":"Andre Schild","@id":"https:\/\/www.abc-gefahren.de\/blog\/#\/schema\/person\/492dffd15f0af7cad8a75a0634d25497"},"headline":"Security Essen vom 23. bis 26. September 2014","datePublished":"2014-03-12T09:28:10+00:00","mainEntityOfPage":{"@id":"https:\/\/www.abc-gefahren.de\/blog\/2014\/03\/12\/security-essen-vom-23-bis-26-september-2014\/"},"wordCount":105,"commentCount":0,"publisher":{"@id":"https:\/\/www.abc-gefahren.de\/blog\/#organization"},"keywords":["Essen","Messe","Security"],"articleSection":["Veranstaltungen"],"inLanguage":"de","potentialAction":[{"@type":"CommentAction","name":"Comment","target":["https:\/\/www.abc-gefahren.de\/blog\/2014\/03\/12\/security-essen-vom-23-bis-26-september-2014\/#respond"]}]},{"@type":"WebPage","@id":"https:\/\/www.abc-gefahren.de\/blog\/2014\/03\/12\/security-essen-vom-23-bis-26-september-2014\/","url":"https:\/\/www.abc-gefahren.de\/blog\/2014\/03\/12\/security-essen-vom-23-bis-26-september-2014\/","name":"Security Essen vom 23. bis 26. September 2014 - ABC-Gefahren - Blog","isPartOf":{"@id":"https:\/\/www.abc-gefahren.de\/blog\/#website"},"datePublished":"2014-03-12T09:28:10+00:00","breadcrumb":{"@id":"https:\/\/www.abc-gefahren.de\/blog\/2014\/03\/12\/security-essen-vom-23-bis-26-september-2014\/#breadcrumb"},"inLanguage":"de","potentialAction":[{"@type":"ReadAction","target":["https:\/\/www.abc-gefahren.de\/blog\/2014\/03\/12\/security-essen-vom-23-bis-26-september-2014\/"]}]},{"@type":"BreadcrumbList","@id":"https:\/\/www.abc-gefahren.de\/blog\/2014\/03\/12\/security-essen-vom-23-bis-26-september-2014\/#breadcrumb","itemListElement":[{"@type":"ListItem","position":1,"name":"Startseite","item":"https:\/\/www.abc-gefahren.de\/blog\/"},{"@type":"ListItem","position":2,"name":"Security Essen vom 23. bis 26. September 2014"}]},{"@type":"WebSite","@id":"https:\/\/www.abc-gefahren.de\/blog\/#website","url":"https:\/\/www.abc-gefahren.de\/blog\/","name":"ABC-Gefahren - Blog","description":"Der Weblog des Portals ABC-Gefahren.de","publisher":{"@id":"https:\/\/www.abc-gefahren.de\/blog\/#organization"},"potentialAction":[{"@type":"SearchAction","target":{"@type":"EntryPoint","urlTemplate":"https:\/\/www.abc-gefahren.de\/blog\/?s={search_term_string}"},"query-input":{"@type":"PropertyValueSpecification","valueRequired":true,"valueName":"search_term_string"}}],"inLanguage":"de"},{"@type":"Organization","@id":"https:\/\/www.abc-gefahren.de\/blog\/#organization","name":"ABC-Gefahren","url":"https:\/\/www.abc-gefahren.de\/blog\/","logo":{"@type":"ImageObject","inLanguage":"de","@id":"https:\/\/www.abc-gefahren.de\/blog\/#\/schema\/logo\/image\/","url":"https:\/\/www.abc-gefahren.de\/blog\/wp-content\/uploads\/2015\/05\/cropped-logo-abcgefahren-2.jpg","contentUrl":"https:\/\/www.abc-gefahren.de\/blog\/wp-content\/uploads\/2015\/05\/cropped-logo-abcgefahren-2.jpg","width":603,"height":602,"caption":"ABC-Gefahren"},"image":{"@id":"https:\/\/www.abc-gefahren.de\/blog\/#\/schema\/logo\/image\/"},"sameAs":["https:\/\/www.facebook.com\/ABCGefahren\/","https:\/\/x.com\/abcgefahren","https:\/\/www.instagram.com\/abcgefahren\/","https:\/\/abcgefahren.bsky.social\/","https:\/\/www.threads.net\/@abcgefahren"]},{"@type":"Person","@id":"https:\/\/www.abc-gefahren.de\/blog\/#\/schema\/person\/492dffd15f0af7cad8a75a0634d25497","name":"Andre Schild","image":{"@type":"ImageObject","inLanguage":"de","@id":"https:\/\/secure.gravatar.com\/avatar\/d26ae222c2bfde5d184c51be81aed9d6d33e0a4422c68c98a35d8324959e51d1?s=96&d=mm&r=g","url":"https:\/\/secure.gravatar.com\/avatar\/d26ae222c2bfde5d184c51be81aed9d6d33e0a4422c68c98a35d8324959e51d1?s=96&d=mm&r=g","contentUrl":"https:\/\/secure.gravatar.com\/avatar\/d26ae222c2bfde5d184c51be81aed9d6d33e0a4422c68c98a35d8324959e51d1?s=96&d=mm&r=g","caption":"Andre Schild"},"description":"Ist Gr\u00fcnder und Betreiber von ABC-Gefahren.de. Das \u201cj\u00fcngste Kind\u201ddieses Portales ist dieser Weblog bzw. Blog. Neben Artikel aus dem gesamtem Spektrum der ABC-Gefahren liegt sein Schwerpunkt in der Informationsbeschaffung in ABC-Lagen und der ABC-Auswertung. Sein Ziel den Ausbildungsstand im Bereich der ABC-Gefahren zu verbessern verfolgt er auch hier im Blog.","sameAs":["http:\/\/www.abc-gefahren.de","https:\/\/x.com\/http:\/\/www.twitter.com\/abcist"],"url":"https:\/\/www.abc-gefahren.de\/blog\/author\/andre-schild\/"}]}},"jetpack_publicize_connections":[],"jetpack_featured_media_url":"","jetpack_shortlink":"https:\/\/wp.me\/prRHX-Hg","jetpack-related-posts":[{"id":5004,"url":"https:\/\/www.abc-gefahren.de\/blog\/2025\/11\/21\/interschutz-2026-bevoelkerungsschutz-rueckt-ins-zentrum-der-weltleitmesse\/","url_meta":{"origin":2682,"position":0},"title":"INTERSCHUTZ 2026: Bev\u00f6lkerungsschutz r\u00fcckt ins Zentrum der Weltleitmesse","author":"Andre Schild","date":"21. November 2025","format":false,"excerpt":"Die INTERSCHUTZ 2026 r\u00fcckt den Bev\u00f6lkerungsschutz st\u00e4rker denn je in den Mittelpunkt. Vom 01. bis 06. Juni trifft sich in Hannover die internationale Fachwelt aus Brandschutz, Rettungswesen und Zivilschutz, um \u00fcber moderne Technologien, neue Strategien und die \u201eZeitenwende im Bev\u00f6lkerungsschutz\u201c zu diskutieren. Angesichts zunehmender Naturgefahren, geopolitischer Unsicherheiten und steigender Anforderungen\u2026","rel":"","context":"In &quot;Veranstaltungen&quot;","block_context":{"text":"Veranstaltungen","link":"https:\/\/www.abc-gefahren.de\/blog\/category\/veranstaltungen\/"},"img":{"alt_text":"","src":"","width":0,"height":0},"classes":[]},{"id":3057,"url":"https:\/\/www.abc-gefahren.de\/blog\/2015\/05\/17\/vorbereitung-interschutz-2015\/","url_meta":{"origin":2682,"position":1},"title":"Vorbereitung Interschutz 2015","author":"Andre Schild","date":"17. Mai 2015","format":false,"excerpt":"Die Leitmesse f\u00fcr die Gefahrenabwehr r\u00fcckt mit gro\u00dfen Schritten n\u00e4her. Vom 08.06. bis 13.06.2015 findet die Interschutz in Hannover statt. Wie schon im Jahr 2010 in Leipzig bietet die Deutsche Messe AG dem Team von ABC-Gefahren.de die M\u00f6glichkeit die Messe zu besuchen. Vielen Dank an die Deutsche Messe AG f\u00fcr\u2026","rel":"","context":"In &quot;ABC-Gefahren&quot;","block_context":{"text":"ABC-Gefahren","link":"https:\/\/www.abc-gefahren.de\/blog\/category\/abc-gefahren\/"},"img":{"alt_text":"","src":"","width":0,"height":0},"classes":[]},{"id":1966,"url":"https:\/\/www.abc-gefahren.de\/blog\/2012\/11\/18\/messe-akut-bremen-verletztendekontaminition\/","url_meta":{"origin":2682,"position":2},"title":"Messe AKUT Bremen &#8211; Verletztendekontaminition","author":"Andre Schild","date":"18. November 2012","format":false,"excerpt":"W\u00e4hrend der Messe Akut hat Florian von feuerwehrleben.de den gemeinsamen Stand des ASB Bremen und der Feuerwehr Essen besucht. Dargestellt wurde eine Patientenablage im Kontaminationsbereich und die nachfolgende Dekontamination von Verletzten. Aber lest selbst den Bericht und schaut euch das Interview bei feuerwehrleben.de an.","rel":"","context":"In &quot;ABC-Gefahren&quot;","block_context":{"text":"ABC-Gefahren","link":"https:\/\/www.abc-gefahren.de\/blog\/category\/abc-gefahren\/"},"img":{"alt_text":"","src":"","width":0,"height":0},"classes":[]},{"id":582,"url":"https:\/\/www.abc-gefahren.de\/blog\/2009\/10\/12\/messe-florian-2009\/","url_meta":{"origin":2682,"position":3},"title":"Messe FLORIAN 2009","author":"Andre Schild","date":"12. Oktober 2009","format":false,"excerpt":"Vom 08. bis 10.10.2009 wurde auf dem Messegel\u00e4nde die Florian 2009 veranstaltet. Besonders f\u00fcr den Bereich ABC-Abwehr war die Pr\u00e4sentation der Bundeswehr. Michael Roleff hat zu eine Blog-Beitrag ver\u00f6ffentlich. Durchgef\u00fchrt wurde der Messeauftritt der Bundeswehr durch das ABC-Abwehrregiment 750 \"Baden\". Vorgestellt wurde die Gro\u00dfger\u00e4te TEP 90 und der Sp\u00fcrpanzer Fuchs.\u2026","rel":"","context":"In &quot;ABC-Gefahren&quot;","block_context":{"text":"ABC-Gefahren","link":"https:\/\/www.abc-gefahren.de\/blog\/category\/abc-gefahren\/"},"img":{"alt_text":"","src":"","width":0,"height":0},"classes":[]},{"id":2506,"url":"https:\/\/www.abc-gefahren.de\/blog\/2013\/11\/18\/vorankuendigung-messe-interschutz-2015\/","url_meta":{"origin":2682,"position":4},"title":"Vorank\u00fcndigung: Messe Interschutz 2015","author":"Andre Schild","date":"18. November 2013","format":false,"excerpt":"Vom 08. bis 13. Juni 2015 findet die INTERSCHUTZ 2015 in Hannover statt. Die internationale Leitmesse f\u00fcr Brand-\/ Katastrophenschutz, Rettung und Sicherheit will Antworten auf die Zukunftsfrage \"Sicherheit\" in der nieders\u00e4chsischen Hauptstadt geben. Auf der Messe wird sich der Trend der letzen Jahre zu einer Internationalisierung weiter fortsetzen. Wichtig wird\u2026","rel":"","context":"In &quot;Veranstaltungen&quot;","block_context":{"text":"Veranstaltungen","link":"https:\/\/www.abc-gefahren.de\/blog\/category\/veranstaltungen\/"},"img":{"alt_text":"","src":"","width":0,"height":0},"classes":[]},{"id":510,"url":"https:\/\/www.abc-gefahren.de\/blog\/2009\/07\/27\/4-symposium-infektionsgefahren-im-einsatzdienst\/","url_meta":{"origin":2682,"position":5},"title":"4. Symposium Infektionsgefahren im Einsatzdienst","author":"Andre Schild","date":"27. Juli 2009","format":false,"excerpt":"Am Samstag den 07.11.2009 findet in Universit\u00e4tsklinikum Essen das 4. Symposium \u201cInfektionsgefahren im Einsatzdienst\u201d statt. Das gemeinsam vom Universit\u00e4tsklinikum Essen und der Feuerwehr Essen veranstaltete Symposium setzt mit der vierten Veranstaltung eine erfolgreiche Serie fort. Das vorl\u00e4ufige Programm Programm verspricht wie bei den letzten Symposien wieder ein interessante Mischung an\u2026","rel":"","context":"In &quot;B-Gefahren&quot;","block_context":{"text":"B-Gefahren","link":"https:\/\/www.abc-gefahren.de\/blog\/category\/abc-gefahren\/b-gefahren\/"},"img":{"alt_text":"","src":"","width":0,"height":0},"classes":[]}],"jetpack_sharing_enabled":true,"_links":{"self":[{"href":"https:\/\/www.abc-gefahren.de\/blog\/wp-json\/wp\/v2\/posts\/2682","targetHints":{"allow":["GET"]}}],"collection":[{"href":"https:\/\/www.abc-gefahren.de\/blog\/wp-json\/wp\/v2\/posts"}],"about":[{"href":"https:\/\/www.abc-gefahren.de\/blog\/wp-json\/wp\/v2\/types\/post"}],"author":[{"embeddable":true,"href":"https:\/\/www.abc-gefahren.de\/blog\/wp-json\/wp\/v2\/users\/2"}],"replies":[{"embeddable":true,"href":"https:\/\/www.abc-gefahren.de\/blog\/wp-json\/wp\/v2\/comments?post=2682"}],"version-history":[{"count":0,"href":"https:\/\/www.abc-gefahren.de\/blog\/wp-json\/wp\/v2\/posts\/2682\/revisions"}],"wp:attachment":[{"href":"https:\/\/www.abc-gefahren.de\/blog\/wp-json\/wp\/v2\/media?parent=2682"}],"wp:term":[{"taxonomy":"category","embeddable":true,"href":"https:\/\/www.abc-gefahren.de\/blog\/wp-json\/wp\/v2\/categories?post=2682"},{"taxonomy":"post_tag","embeddable":true,"href":"https:\/\/www.abc-gefahren.de\/blog\/wp-json\/wp\/v2\/tags?post=2682"}],"curies":[{"name":"wp","href":"https:\/\/api.w.org\/{rel}","templated":true}]}}