{"id":3815,"date":"2019-11-14T14:28:56","date_gmt":"2019-11-14T13:28:56","guid":{"rendered":"http:\/\/www.abc-gefahren.de\/blog\/?p=3815"},"modified":"2020-04-09T14:48:00","modified_gmt":"2020-04-09T12:48:00","slug":"messe-florian-2019-in-dresden","status":"publish","type":"post","link":"https:\/\/www.abc-gefahren.de\/blog\/2019\/11\/14\/messe-florian-2019-in-dresden\/","title":{"rendered":"Messe FLORIAN 2019 in Dresden"},"content":{"rendered":"<p>Vor einem Monat schlossen sich die Tore der diesj\u00e4hrigen Fachmesse FLORIAN in Dresden.<br \/>\nAuch wir waren vor Ort, konnten aber aufgrund besonderer Umst\u00e4nde, nur einen kurzen Eindruck einfangen.<\/p>\n<p>Insbesondere die Hersteller von Messger\u00e4ten dominierten den ABC Bereich. W\u00e4hrend in den vergangenen Jahren die Weiterentwicklung von Gasmesstechnik sowie A-Messger\u00e4ten schnell voran ging, entwickeln sich nun Mess- und Nachweisger\u00e4ten f\u00fcr feste und fl\u00fcssige Stoffe. Insbesondere Raman-<span class=\"text_exposed_show\">Spektrometer f\u00fcr mobile Messeinheiten waren in verschiedenen Ausf\u00fchrungen zu sehen. <\/span><\/p>\n<div class=\"text_exposed_show\">\n<p>Weitere Eindr\u00fccke konnte man mit Dekonmitteln und Schutzkleidungen sammeln. Au\u00dferdem war das BBK vor Ort, als umfangreicher Informationspartner.<\/p>\n<p>Ein paar Impressionen von der Messen FLORIAN in Dresden:<\/p>\n<div data-carousel-extra='{&quot;blog_id&quot;:1,&quot;permalink&quot;:&quot;https:\/\/www.abc-gefahren.de\/blog\/2019\/11\/14\/messe-florian-2019-in-dresden\/&quot;}' id='gallery-1' class='gallery galleryid-3815 gallery-columns-3 gallery-size-thumbnail'><figure class='gallery-item'>\n\t\t\t<div class='gallery-icon landscape'>\n\t\t\t\t<a href='https:\/\/www.abc-gefahren.de\/blog\/2019\/11\/14\/messe-florian-2019-in-dresden\/76759959_10157951050274187_1759306251839209472_o\/'><img loading=\"lazy\" decoding=\"async\" width=\"150\" height=\"150\" src=\"https:\/\/www.abc-gefahren.de\/blog\/wp-content\/uploads\/2019\/11\/76759959_10157951050274187_1759306251839209472_o-150x150.jpg\" class=\"attachment-thumbnail size-thumbnail\" alt=\"\" data-attachment-id=\"3820\" data-permalink=\"https:\/\/www.abc-gefahren.de\/blog\/2019\/11\/14\/messe-florian-2019-in-dresden\/76759959_10157951050274187_1759306251839209472_o\/\" data-orig-file=\"https:\/\/www.abc-gefahren.de\/blog\/wp-content\/uploads\/2019\/11\/76759959_10157951050274187_1759306251839209472_o.jpg\" data-orig-size=\"960,720\" data-comments-opened=\"1\" data-image-meta=\"{&quot;aperture&quot;:&quot;0&quot;,&quot;credit&quot;:&quot;&quot;,&quot;camera&quot;:&quot;&quot;,&quot;caption&quot;:&quot;&quot;,&quot;created_timestamp&quot;:&quot;0&quot;,&quot;copyright&quot;:&quot;&quot;,&quot;focal_length&quot;:&quot;0&quot;,&quot;iso&quot;:&quot;0&quot;,&quot;shutter_speed&quot;:&quot;0&quot;,&quot;title&quot;:&quot;&quot;,&quot;orientation&quot;:&quot;0&quot;}\" data-image-title=\"Messe Florian 2019\" data-image-description=\"\" data-image-caption=\"\" data-large-file=\"https:\/\/www.abc-gefahren.de\/blog\/wp-content\/uploads\/2019\/11\/76759959_10157951050274187_1759306251839209472_o.jpg\" \/><\/a>\n\t\t\t<\/div><\/figure><figure class='gallery-item'>\n\t\t\t<div class='gallery-icon portrait'>\n\t\t\t\t<a href='https:\/\/www.abc-gefahren.de\/blog\/2019\/11\/14\/messe-florian-2019-in-dresden\/75586118_10157951050084187_2290129819821670400_o\/'><img loading=\"lazy\" decoding=\"async\" width=\"150\" height=\"150\" src=\"https:\/\/www.abc-gefahren.de\/blog\/wp-content\/uploads\/2019\/11\/75586118_10157951050084187_2290129819821670400_o-150x150.jpg\" class=\"attachment-thumbnail size-thumbnail\" alt=\"\" data-attachment-id=\"3819\" data-permalink=\"https:\/\/www.abc-gefahren.de\/blog\/2019\/11\/14\/messe-florian-2019-in-dresden\/75586118_10157951050084187_2290129819821670400_o\/\" data-orig-file=\"https:\/\/www.abc-gefahren.de\/blog\/wp-content\/uploads\/2019\/11\/75586118_10157951050084187_2290129819821670400_o.jpg\" data-orig-size=\"720,960\" data-comments-opened=\"1\" data-image-meta=\"{&quot;aperture&quot;:&quot;0&quot;,&quot;credit&quot;:&quot;&quot;,&quot;camera&quot;:&quot;&quot;,&quot;caption&quot;:&quot;&quot;,&quot;created_timestamp&quot;:&quot;0&quot;,&quot;copyright&quot;:&quot;&quot;,&quot;focal_length&quot;:&quot;0&quot;,&quot;iso&quot;:&quot;0&quot;,&quot;shutter_speed&quot;:&quot;0&quot;,&quot;title&quot;:&quot;&quot;,&quot;orientation&quot;:&quot;0&quot;}\" data-image-title=\"75586118_10157951050084187_2290129819821670400_o\" data-image-description=\"\" data-image-caption=\"\" data-large-file=\"https:\/\/www.abc-gefahren.de\/blog\/wp-content\/uploads\/2019\/11\/75586118_10157951050084187_2290129819821670400_o.jpg\" \/><\/a>\n\t\t\t<\/div><\/figure><figure class='gallery-item'>\n\t\t\t<div class='gallery-icon landscape'>\n\t\t\t\t<a href='https:\/\/www.abc-gefahren.de\/blog\/2019\/11\/14\/messe-florian-2019-in-dresden\/75572082_10157951050689187_2921438648819777536_o\/'><img loading=\"lazy\" decoding=\"async\" width=\"150\" height=\"150\" src=\"https:\/\/www.abc-gefahren.de\/blog\/wp-content\/uploads\/2019\/11\/75572082_10157951050689187_2921438648819777536_o-150x150.jpg\" class=\"attachment-thumbnail size-thumbnail\" alt=\"\" data-attachment-id=\"3818\" data-permalink=\"https:\/\/www.abc-gefahren.de\/blog\/2019\/11\/14\/messe-florian-2019-in-dresden\/75572082_10157951050689187_2921438648819777536_o\/\" data-orig-file=\"https:\/\/www.abc-gefahren.de\/blog\/wp-content\/uploads\/2019\/11\/75572082_10157951050689187_2921438648819777536_o.jpg\" data-orig-size=\"960,720\" data-comments-opened=\"1\" data-image-meta=\"{&quot;aperture&quot;:&quot;0&quot;,&quot;credit&quot;:&quot;&quot;,&quot;camera&quot;:&quot;&quot;,&quot;caption&quot;:&quot;&quot;,&quot;created_timestamp&quot;:&quot;0&quot;,&quot;copyright&quot;:&quot;&quot;,&quot;focal_length&quot;:&quot;0&quot;,&quot;iso&quot;:&quot;0&quot;,&quot;shutter_speed&quot;:&quot;0&quot;,&quot;title&quot;:&quot;&quot;,&quot;orientation&quot;:&quot;0&quot;}\" data-image-title=\"75572082_10157951050689187_2921438648819777536_o\" data-image-description=\"\" data-image-caption=\"\" data-large-file=\"https:\/\/www.abc-gefahren.de\/blog\/wp-content\/uploads\/2019\/11\/75572082_10157951050689187_2921438648819777536_o.jpg\" \/><\/a>\n\t\t\t<\/div><\/figure><figure class='gallery-item'>\n\t\t\t<div class='gallery-icon landscape'>\n\t\t\t\t<a href='https:\/\/www.abc-gefahren.de\/blog\/2019\/11\/14\/messe-florian-2019-in-dresden\/75362358_10157951050779187_3831093540788633600_o\/'><img loading=\"lazy\" decoding=\"async\" width=\"150\" height=\"150\" src=\"https:\/\/www.abc-gefahren.de\/blog\/wp-content\/uploads\/2019\/11\/75362358_10157951050779187_3831093540788633600_o-150x150.jpg\" class=\"attachment-thumbnail size-thumbnail\" alt=\"\" data-attachment-id=\"3817\" data-permalink=\"https:\/\/www.abc-gefahren.de\/blog\/2019\/11\/14\/messe-florian-2019-in-dresden\/75362358_10157951050779187_3831093540788633600_o\/\" data-orig-file=\"https:\/\/www.abc-gefahren.de\/blog\/wp-content\/uploads\/2019\/11\/75362358_10157951050779187_3831093540788633600_o.jpg\" data-orig-size=\"960,720\" data-comments-opened=\"1\" data-image-meta=\"{&quot;aperture&quot;:&quot;0&quot;,&quot;credit&quot;:&quot;&quot;,&quot;camera&quot;:&quot;&quot;,&quot;caption&quot;:&quot;&quot;,&quot;created_timestamp&quot;:&quot;0&quot;,&quot;copyright&quot;:&quot;&quot;,&quot;focal_length&quot;:&quot;0&quot;,&quot;iso&quot;:&quot;0&quot;,&quot;shutter_speed&quot;:&quot;0&quot;,&quot;title&quot;:&quot;&quot;,&quot;orientation&quot;:&quot;0&quot;}\" data-image-title=\"Messe Florian 2019\" data-image-description=\"\" data-image-caption=\"\" data-large-file=\"https:\/\/www.abc-gefahren.de\/blog\/wp-content\/uploads\/2019\/11\/75362358_10157951050779187_3831093540788633600_o.jpg\" \/><\/a>\n\t\t\t<\/div><\/figure><figure class='gallery-item'>\n\t\t\t<div class='gallery-icon landscape'>\n\t\t\t\t<a href='https:\/\/www.abc-gefahren.de\/blog\/2019\/11\/14\/messe-florian-2019-in-dresden\/75282296_10157951051014187_7705885689459507200_o\/'><img loading=\"lazy\" decoding=\"async\" width=\"150\" height=\"150\" src=\"https:\/\/www.abc-gefahren.de\/blog\/wp-content\/uploads\/2019\/11\/75282296_10157951051014187_7705885689459507200_o-150x150.jpg\" class=\"attachment-thumbnail size-thumbnail\" alt=\"\" data-attachment-id=\"3816\" data-permalink=\"https:\/\/www.abc-gefahren.de\/blog\/2019\/11\/14\/messe-florian-2019-in-dresden\/75282296_10157951051014187_7705885689459507200_o\/\" data-orig-file=\"https:\/\/www.abc-gefahren.de\/blog\/wp-content\/uploads\/2019\/11\/75282296_10157951051014187_7705885689459507200_o.jpg\" data-orig-size=\"960,720\" data-comments-opened=\"1\" data-image-meta=\"{&quot;aperture&quot;:&quot;0&quot;,&quot;credit&quot;:&quot;&quot;,&quot;camera&quot;:&quot;&quot;,&quot;caption&quot;:&quot;&quot;,&quot;created_timestamp&quot;:&quot;0&quot;,&quot;copyright&quot;:&quot;&quot;,&quot;focal_length&quot;:&quot;0&quot;,&quot;iso&quot;:&quot;0&quot;,&quot;shutter_speed&quot;:&quot;0&quot;,&quot;title&quot;:&quot;&quot;,&quot;orientation&quot;:&quot;0&quot;}\" data-image-title=\"75282296_10157951051014187_7705885689459507200_o\" data-image-description=\"\" data-image-caption=\"\" data-large-file=\"https:\/\/www.abc-gefahren.de\/blog\/wp-content\/uploads\/2019\/11\/75282296_10157951051014187_7705885689459507200_o.jpg\" \/><\/a>\n\t\t\t<\/div><\/figure>\n\t\t<\/div>\n\n<p>&nbsp;<\/p>\n<\/div>\n","protected":false},"excerpt":{"rendered":"<p>Vor einem Monat schlossen sich die Tore der diesj\u00e4hrigen Fachmesse FLORIAN in Dresden. Auch wir waren vor Ort, konnten aber aufgrund besonderer Umst\u00e4nde, nur einen kurzen Eindruck einfangen. Insbesondere die Hersteller von Messger\u00e4ten dominierten den ABC Bereich. W\u00e4hrend in den vergangenen Jahren die Weiterentwicklung von Gasmesstechnik sowie A-Messger\u00e4ten schnell voran &hellip;<\/p>\n","protected":false},"author":17,"featured_media":3817,"comment_status":"open","ping_status":"open","sticky":false,"template":"","format":"standard","meta":{"jetpack_post_was_ever_published":false,"_jetpack_newsletter_access":"","_jetpack_dont_email_post_to_subs":false,"_jetpack_newsletter_tier_id":0,"_jetpack_memberships_contains_paywalled_content":false,"_jetpack_memberships_contains_paid_content":false,"footnotes":"","jetpack_publicize_message":"","jetpack_publicize_feature_enabled":true,"jetpack_social_post_already_shared":false,"jetpack_social_options":{"image_generator_settings":{"template":"highway","default_image_id":0,"font":"","enabled":false},"version":2}},"categories":[113],"tags":[781,782,780,149,223],"class_list":["post-3815","post","type-post","status-publish","format-standard","has-post-thumbnail","hentry","category-veranstaltungen","tag-781","tag-dresden","tag-florian","tag-messe","tag-messe-florian"],"yoast_head":"<!-- This site is optimized with the Yoast SEO plugin v27.5 - https:\/\/yoast.com\/product\/yoast-seo-wordpress\/ -->\n<title>Messe FLORIAN 2019 in Dresden - ABC-Gefahren - Blog<\/title>\n<meta name=\"robots\" content=\"index, follow, max-snippet:-1, max-image-preview:large, max-video-preview:-1\" \/>\n<link rel=\"canonical\" href=\"https:\/\/www.abc-gefahren.de\/blog\/2019\/11\/14\/messe-florian-2019-in-dresden\/\" \/>\n<meta property=\"og:locale\" content=\"de_DE\" \/>\n<meta property=\"og:type\" content=\"article\" \/>\n<meta property=\"og:title\" content=\"Messe FLORIAN 2019 in Dresden - ABC-Gefahren - Blog\" \/>\n<meta property=\"og:description\" content=\"Vor einem Monat schlossen sich die Tore der diesj\u00e4hrigen Fachmesse FLORIAN in Dresden. Auch wir waren vor Ort, konnten aber aufgrund besonderer Umst\u00e4nde, nur einen kurzen Eindruck einfangen. Insbesondere die Hersteller von Messger\u00e4ten dominierten den ABC Bereich. W\u00e4hrend in den vergangenen Jahren die Weiterentwicklung von Gasmesstechnik sowie A-Messger\u00e4ten schnell voran &hellip;\" \/>\n<meta property=\"og:url\" content=\"https:\/\/www.abc-gefahren.de\/blog\/2019\/11\/14\/messe-florian-2019-in-dresden\/\" \/>\n<meta property=\"og:site_name\" content=\"ABC-Gefahren - Blog\" \/>\n<meta property=\"article:publisher\" content=\"https:\/\/www.facebook.com\/ABCGefahren\/\" \/>\n<meta property=\"article:published_time\" content=\"2019-11-14T13:28:56+00:00\" \/>\n<meta property=\"article:modified_time\" content=\"2020-04-09T12:48:00+00:00\" \/>\n<meta property=\"og:image\" content=\"https:\/\/www.abc-gefahren.de\/blog\/wp-content\/uploads\/2019\/11\/75362358_10157951050779187_3831093540788633600_o.jpg\" \/>\n\t<meta property=\"og:image:width\" content=\"960\" \/>\n\t<meta property=\"og:image:height\" content=\"720\" \/>\n\t<meta property=\"og:image:type\" content=\"image\/jpeg\" \/>\n<meta name=\"author\" content=\"Steffen Titze\" \/>\n<meta name=\"twitter:card\" content=\"summary_large_image\" \/>\n<meta name=\"twitter:creator\" content=\"@abcgefahren\" \/>\n<meta name=\"twitter:site\" content=\"@abcgefahren\" \/>\n<meta name=\"twitter:label1\" content=\"Verfasst von\" \/>\n\t<meta name=\"twitter:data1\" content=\"Steffen Titze\" \/>\n\t<meta name=\"twitter:label2\" content=\"Gesch\u00e4tzte Lesezeit\" \/>\n\t<meta name=\"twitter:data2\" content=\"1\u00a0Minute\" \/>\n<script type=\"application\/ld+json\" class=\"yoast-schema-graph\">{\"@context\":\"https:\\\/\\\/schema.org\",\"@graph\":[{\"@type\":\"Article\",\"@id\":\"https:\\\/\\\/www.abc-gefahren.de\\\/blog\\\/2019\\\/11\\\/14\\\/messe-florian-2019-in-dresden\\\/#article\",\"isPartOf\":{\"@id\":\"https:\\\/\\\/www.abc-gefahren.de\\\/blog\\\/2019\\\/11\\\/14\\\/messe-florian-2019-in-dresden\\\/\"},\"author\":{\"name\":\"Steffen Titze\",\"@id\":\"https:\\\/\\\/www.abc-gefahren.de\\\/blog\\\/#\\\/schema\\\/person\\\/af17f07e644e31f55dbb343eb2ace022\"},\"headline\":\"Messe FLORIAN 2019 in Dresden\",\"datePublished\":\"2019-11-14T13:28:56+00:00\",\"dateModified\":\"2020-04-09T12:48:00+00:00\",\"mainEntityOfPage\":{\"@id\":\"https:\\\/\\\/www.abc-gefahren.de\\\/blog\\\/2019\\\/11\\\/14\\\/messe-florian-2019-in-dresden\\\/\"},\"wordCount\":119,\"commentCount\":0,\"publisher\":{\"@id\":\"https:\\\/\\\/www.abc-gefahren.de\\\/blog\\\/#organization\"},\"image\":{\"@id\":\"https:\\\/\\\/www.abc-gefahren.de\\\/blog\\\/2019\\\/11\\\/14\\\/messe-florian-2019-in-dresden\\\/#primaryimage\"},\"thumbnailUrl\":\"https:\\\/\\\/www.abc-gefahren.de\\\/blog\\\/wp-content\\\/uploads\\\/2019\\\/11\\\/75362358_10157951050779187_3831093540788633600_o.jpg\",\"keywords\":[\"2019\",\"Dresden\",\"Florian\",\"Messe\",\"Messe FLORIAN\"],\"articleSection\":[\"Veranstaltungen\"],\"inLanguage\":\"de\",\"potentialAction\":[{\"@type\":\"CommentAction\",\"name\":\"Comment\",\"target\":[\"https:\\\/\\\/www.abc-gefahren.de\\\/blog\\\/2019\\\/11\\\/14\\\/messe-florian-2019-in-dresden\\\/#respond\"]}]},{\"@type\":\"WebPage\",\"@id\":\"https:\\\/\\\/www.abc-gefahren.de\\\/blog\\\/2019\\\/11\\\/14\\\/messe-florian-2019-in-dresden\\\/\",\"url\":\"https:\\\/\\\/www.abc-gefahren.de\\\/blog\\\/2019\\\/11\\\/14\\\/messe-florian-2019-in-dresden\\\/\",\"name\":\"Messe FLORIAN 2019 in Dresden - ABC-Gefahren - Blog\",\"isPartOf\":{\"@id\":\"https:\\\/\\\/www.abc-gefahren.de\\\/blog\\\/#website\"},\"primaryImageOfPage\":{\"@id\":\"https:\\\/\\\/www.abc-gefahren.de\\\/blog\\\/2019\\\/11\\\/14\\\/messe-florian-2019-in-dresden\\\/#primaryimage\"},\"image\":{\"@id\":\"https:\\\/\\\/www.abc-gefahren.de\\\/blog\\\/2019\\\/11\\\/14\\\/messe-florian-2019-in-dresden\\\/#primaryimage\"},\"thumbnailUrl\":\"https:\\\/\\\/www.abc-gefahren.de\\\/blog\\\/wp-content\\\/uploads\\\/2019\\\/11\\\/75362358_10157951050779187_3831093540788633600_o.jpg\",\"datePublished\":\"2019-11-14T13:28:56+00:00\",\"dateModified\":\"2020-04-09T12:48:00+00:00\",\"breadcrumb\":{\"@id\":\"https:\\\/\\\/www.abc-gefahren.de\\\/blog\\\/2019\\\/11\\\/14\\\/messe-florian-2019-in-dresden\\\/#breadcrumb\"},\"inLanguage\":\"de\",\"potentialAction\":[{\"@type\":\"ReadAction\",\"target\":[\"https:\\\/\\\/www.abc-gefahren.de\\\/blog\\\/2019\\\/11\\\/14\\\/messe-florian-2019-in-dresden\\\/\"]}]},{\"@type\":\"ImageObject\",\"inLanguage\":\"de\",\"@id\":\"https:\\\/\\\/www.abc-gefahren.de\\\/blog\\\/2019\\\/11\\\/14\\\/messe-florian-2019-in-dresden\\\/#primaryimage\",\"url\":\"https:\\\/\\\/www.abc-gefahren.de\\\/blog\\\/wp-content\\\/uploads\\\/2019\\\/11\\\/75362358_10157951050779187_3831093540788633600_o.jpg\",\"contentUrl\":\"https:\\\/\\\/www.abc-gefahren.de\\\/blog\\\/wp-content\\\/uploads\\\/2019\\\/11\\\/75362358_10157951050779187_3831093540788633600_o.jpg\",\"width\":960,\"height\":720},{\"@type\":\"BreadcrumbList\",\"@id\":\"https:\\\/\\\/www.abc-gefahren.de\\\/blog\\\/2019\\\/11\\\/14\\\/messe-florian-2019-in-dresden\\\/#breadcrumb\",\"itemListElement\":[{\"@type\":\"ListItem\",\"position\":1,\"name\":\"Startseite\",\"item\":\"https:\\\/\\\/www.abc-gefahren.de\\\/blog\\\/\"},{\"@type\":\"ListItem\",\"position\":2,\"name\":\"Messe FLORIAN 2019 in Dresden\"}]},{\"@type\":\"WebSite\",\"@id\":\"https:\\\/\\\/www.abc-gefahren.de\\\/blog\\\/#website\",\"url\":\"https:\\\/\\\/www.abc-gefahren.de\\\/blog\\\/\",\"name\":\"ABC-Gefahren - Blog\",\"description\":\"Der Weblog des Portals ABC-Gefahren.de\",\"publisher\":{\"@id\":\"https:\\\/\\\/www.abc-gefahren.de\\\/blog\\\/#organization\"},\"potentialAction\":[{\"@type\":\"SearchAction\",\"target\":{\"@type\":\"EntryPoint\",\"urlTemplate\":\"https:\\\/\\\/www.abc-gefahren.de\\\/blog\\\/?s={search_term_string}\"},\"query-input\":{\"@type\":\"PropertyValueSpecification\",\"valueRequired\":true,\"valueName\":\"search_term_string\"}}],\"inLanguage\":\"de\"},{\"@type\":\"Organization\",\"@id\":\"https:\\\/\\\/www.abc-gefahren.de\\\/blog\\\/#organization\",\"name\":\"ABC-Gefahren\",\"url\":\"https:\\\/\\\/www.abc-gefahren.de\\\/blog\\\/\",\"logo\":{\"@type\":\"ImageObject\",\"inLanguage\":\"de\",\"@id\":\"https:\\\/\\\/www.abc-gefahren.de\\\/blog\\\/#\\\/schema\\\/logo\\\/image\\\/\",\"url\":\"https:\\\/\\\/www.abc-gefahren.de\\\/blog\\\/wp-content\\\/uploads\\\/2015\\\/05\\\/cropped-logo-abcgefahren-2.jpg\",\"contentUrl\":\"https:\\\/\\\/www.abc-gefahren.de\\\/blog\\\/wp-content\\\/uploads\\\/2015\\\/05\\\/cropped-logo-abcgefahren-2.jpg\",\"width\":603,\"height\":602,\"caption\":\"ABC-Gefahren\"},\"image\":{\"@id\":\"https:\\\/\\\/www.abc-gefahren.de\\\/blog\\\/#\\\/schema\\\/logo\\\/image\\\/\"},\"sameAs\":[\"https:\\\/\\\/www.facebook.com\\\/ABCGefahren\\\/\",\"https:\\\/\\\/x.com\\\/abcgefahren\",\"https:\\\/\\\/www.instagram.com\\\/abcgefahren\\\/\",\"https:\\\/\\\/abcgefahren.bsky.social\\\/\",\"https:\\\/\\\/www.threads.net\\\/@abcgefahren\"]},{\"@type\":\"Person\",\"@id\":\"https:\\\/\\\/www.abc-gefahren.de\\\/blog\\\/#\\\/schema\\\/person\\\/af17f07e644e31f55dbb343eb2ace022\",\"name\":\"Steffen Titze\",\"image\":{\"@type\":\"ImageObject\",\"inLanguage\":\"de\",\"@id\":\"https:\\\/\\\/secure.gravatar.com\\\/avatar\\\/2eed63a63305b16df84ea2217084ba302363538d04ed666de3efbffc3b919ea9?s=96&d=mm&r=g\",\"url\":\"https:\\\/\\\/secure.gravatar.com\\\/avatar\\\/2eed63a63305b16df84ea2217084ba302363538d04ed666de3efbffc3b919ea9?s=96&d=mm&r=g\",\"contentUrl\":\"https:\\\/\\\/secure.gravatar.com\\\/avatar\\\/2eed63a63305b16df84ea2217084ba302363538d04ed666de3efbffc3b919ea9?s=96&d=mm&r=g\",\"caption\":\"Steffen Titze\"},\"url\":\"https:\\\/\\\/www.abc-gefahren.de\\\/blog\\\/author\\\/steffen-titze\\\/\"}]}<\/script>\n<!-- \/ Yoast SEO plugin. -->","yoast_head_json":{"title":"Messe FLORIAN 2019 in Dresden - ABC-Gefahren - Blog","robots":{"index":"index","follow":"follow","max-snippet":"max-snippet:-1","max-image-preview":"max-image-preview:large","max-video-preview":"max-video-preview:-1"},"canonical":"https:\/\/www.abc-gefahren.de\/blog\/2019\/11\/14\/messe-florian-2019-in-dresden\/","og_locale":"de_DE","og_type":"article","og_title":"Messe FLORIAN 2019 in Dresden - ABC-Gefahren - Blog","og_description":"Vor einem Monat schlossen sich die Tore der diesj\u00e4hrigen Fachmesse FLORIAN in Dresden. Auch wir waren vor Ort, konnten aber aufgrund besonderer Umst\u00e4nde, nur einen kurzen Eindruck einfangen. Insbesondere die Hersteller von Messger\u00e4ten dominierten den ABC Bereich. W\u00e4hrend in den vergangenen Jahren die Weiterentwicklung von Gasmesstechnik sowie A-Messger\u00e4ten schnell voran &hellip;","og_url":"https:\/\/www.abc-gefahren.de\/blog\/2019\/11\/14\/messe-florian-2019-in-dresden\/","og_site_name":"ABC-Gefahren - Blog","article_publisher":"https:\/\/www.facebook.com\/ABCGefahren\/","article_published_time":"2019-11-14T13:28:56+00:00","article_modified_time":"2020-04-09T12:48:00+00:00","og_image":[{"width":960,"height":720,"url":"https:\/\/www.abc-gefahren.de\/blog\/wp-content\/uploads\/2019\/11\/75362358_10157951050779187_3831093540788633600_o.jpg","type":"image\/jpeg"}],"author":"Steffen Titze","twitter_card":"summary_large_image","twitter_creator":"@abcgefahren","twitter_site":"@abcgefahren","twitter_misc":{"Verfasst von":"Steffen Titze","Gesch\u00e4tzte Lesezeit":"1\u00a0Minute"},"schema":{"@context":"https:\/\/schema.org","@graph":[{"@type":"Article","@id":"https:\/\/www.abc-gefahren.de\/blog\/2019\/11\/14\/messe-florian-2019-in-dresden\/#article","isPartOf":{"@id":"https:\/\/www.abc-gefahren.de\/blog\/2019\/11\/14\/messe-florian-2019-in-dresden\/"},"author":{"name":"Steffen Titze","@id":"https:\/\/www.abc-gefahren.de\/blog\/#\/schema\/person\/af17f07e644e31f55dbb343eb2ace022"},"headline":"Messe FLORIAN 2019 in Dresden","datePublished":"2019-11-14T13:28:56+00:00","dateModified":"2020-04-09T12:48:00+00:00","mainEntityOfPage":{"@id":"https:\/\/www.abc-gefahren.de\/blog\/2019\/11\/14\/messe-florian-2019-in-dresden\/"},"wordCount":119,"commentCount":0,"publisher":{"@id":"https:\/\/www.abc-gefahren.de\/blog\/#organization"},"image":{"@id":"https:\/\/www.abc-gefahren.de\/blog\/2019\/11\/14\/messe-florian-2019-in-dresden\/#primaryimage"},"thumbnailUrl":"https:\/\/www.abc-gefahren.de\/blog\/wp-content\/uploads\/2019\/11\/75362358_10157951050779187_3831093540788633600_o.jpg","keywords":["2019","Dresden","Florian","Messe","Messe FLORIAN"],"articleSection":["Veranstaltungen"],"inLanguage":"de","potentialAction":[{"@type":"CommentAction","name":"Comment","target":["https:\/\/www.abc-gefahren.de\/blog\/2019\/11\/14\/messe-florian-2019-in-dresden\/#respond"]}]},{"@type":"WebPage","@id":"https:\/\/www.abc-gefahren.de\/blog\/2019\/11\/14\/messe-florian-2019-in-dresden\/","url":"https:\/\/www.abc-gefahren.de\/blog\/2019\/11\/14\/messe-florian-2019-in-dresden\/","name":"Messe FLORIAN 2019 in Dresden - ABC-Gefahren - Blog","isPartOf":{"@id":"https:\/\/www.abc-gefahren.de\/blog\/#website"},"primaryImageOfPage":{"@id":"https:\/\/www.abc-gefahren.de\/blog\/2019\/11\/14\/messe-florian-2019-in-dresden\/#primaryimage"},"image":{"@id":"https:\/\/www.abc-gefahren.de\/blog\/2019\/11\/14\/messe-florian-2019-in-dresden\/#primaryimage"},"thumbnailUrl":"https:\/\/www.abc-gefahren.de\/blog\/wp-content\/uploads\/2019\/11\/75362358_10157951050779187_3831093540788633600_o.jpg","datePublished":"2019-11-14T13:28:56+00:00","dateModified":"2020-04-09T12:48:00+00:00","breadcrumb":{"@id":"https:\/\/www.abc-gefahren.de\/blog\/2019\/11\/14\/messe-florian-2019-in-dresden\/#breadcrumb"},"inLanguage":"de","potentialAction":[{"@type":"ReadAction","target":["https:\/\/www.abc-gefahren.de\/blog\/2019\/11\/14\/messe-florian-2019-in-dresden\/"]}]},{"@type":"ImageObject","inLanguage":"de","@id":"https:\/\/www.abc-gefahren.de\/blog\/2019\/11\/14\/messe-florian-2019-in-dresden\/#primaryimage","url":"https:\/\/www.abc-gefahren.de\/blog\/wp-content\/uploads\/2019\/11\/75362358_10157951050779187_3831093540788633600_o.jpg","contentUrl":"https:\/\/www.abc-gefahren.de\/blog\/wp-content\/uploads\/2019\/11\/75362358_10157951050779187_3831093540788633600_o.jpg","width":960,"height":720},{"@type":"BreadcrumbList","@id":"https:\/\/www.abc-gefahren.de\/blog\/2019\/11\/14\/messe-florian-2019-in-dresden\/#breadcrumb","itemListElement":[{"@type":"ListItem","position":1,"name":"Startseite","item":"https:\/\/www.abc-gefahren.de\/blog\/"},{"@type":"ListItem","position":2,"name":"Messe FLORIAN 2019 in Dresden"}]},{"@type":"WebSite","@id":"https:\/\/www.abc-gefahren.de\/blog\/#website","url":"https:\/\/www.abc-gefahren.de\/blog\/","name":"ABC-Gefahren - Blog","description":"Der Weblog des Portals ABC-Gefahren.de","publisher":{"@id":"https:\/\/www.abc-gefahren.de\/blog\/#organization"},"potentialAction":[{"@type":"SearchAction","target":{"@type":"EntryPoint","urlTemplate":"https:\/\/www.abc-gefahren.de\/blog\/?s={search_term_string}"},"query-input":{"@type":"PropertyValueSpecification","valueRequired":true,"valueName":"search_term_string"}}],"inLanguage":"de"},{"@type":"Organization","@id":"https:\/\/www.abc-gefahren.de\/blog\/#organization","name":"ABC-Gefahren","url":"https:\/\/www.abc-gefahren.de\/blog\/","logo":{"@type":"ImageObject","inLanguage":"de","@id":"https:\/\/www.abc-gefahren.de\/blog\/#\/schema\/logo\/image\/","url":"https:\/\/www.abc-gefahren.de\/blog\/wp-content\/uploads\/2015\/05\/cropped-logo-abcgefahren-2.jpg","contentUrl":"https:\/\/www.abc-gefahren.de\/blog\/wp-content\/uploads\/2015\/05\/cropped-logo-abcgefahren-2.jpg","width":603,"height":602,"caption":"ABC-Gefahren"},"image":{"@id":"https:\/\/www.abc-gefahren.de\/blog\/#\/schema\/logo\/image\/"},"sameAs":["https:\/\/www.facebook.com\/ABCGefahren\/","https:\/\/x.com\/abcgefahren","https:\/\/www.instagram.com\/abcgefahren\/","https:\/\/abcgefahren.bsky.social\/","https:\/\/www.threads.net\/@abcgefahren"]},{"@type":"Person","@id":"https:\/\/www.abc-gefahren.de\/blog\/#\/schema\/person\/af17f07e644e31f55dbb343eb2ace022","name":"Steffen Titze","image":{"@type":"ImageObject","inLanguage":"de","@id":"https:\/\/secure.gravatar.com\/avatar\/2eed63a63305b16df84ea2217084ba302363538d04ed666de3efbffc3b919ea9?s=96&d=mm&r=g","url":"https:\/\/secure.gravatar.com\/avatar\/2eed63a63305b16df84ea2217084ba302363538d04ed666de3efbffc3b919ea9?s=96&d=mm&r=g","contentUrl":"https:\/\/secure.gravatar.com\/avatar\/2eed63a63305b16df84ea2217084ba302363538d04ed666de3efbffc3b919ea9?s=96&d=mm&r=g","caption":"Steffen Titze"},"url":"https:\/\/www.abc-gefahren.de\/blog\/author\/steffen-titze\/"}]}},"jetpack_publicize_connections":[],"jetpack_featured_media_url":"https:\/\/www.abc-gefahren.de\/blog\/wp-content\/uploads\/2019\/11\/75362358_10157951050779187_3831093540788633600_o.jpg","jetpack_shortlink":"https:\/\/wp.me\/prRHX-Zx","jetpack-related-posts":[{"id":582,"url":"https:\/\/www.abc-gefahren.de\/blog\/2009\/10\/12\/messe-florian-2009\/","url_meta":{"origin":3815,"position":0},"title":"Messe FLORIAN 2009","author":"Andre Schild","date":"12. Oktober 2009","format":false,"excerpt":"Vom 08. bis 10.10.2009 wurde auf dem Messegel\u00e4nde die Florian 2009 veranstaltet. Besonders f\u00fcr den Bereich ABC-Abwehr war die Pr\u00e4sentation der Bundeswehr. Michael Roleff hat zu eine Blog-Beitrag ver\u00f6ffentlich. Durchgef\u00fchrt wurde der Messeauftritt der Bundeswehr durch das ABC-Abwehrregiment 750 \"Baden\". Vorgestellt wurde die Gro\u00dfger\u00e4te TEP 90 und der Sp\u00fcrpanzer Fuchs.\u2026","rel":"","context":"In &quot;ABC-Gefahren&quot;","block_context":{"text":"ABC-Gefahren","link":"https:\/\/www.abc-gefahren.de\/blog\/category\/abc-gefahren\/"},"img":{"alt_text":"","src":"","width":0,"height":0},"classes":[]},{"id":1966,"url":"https:\/\/www.abc-gefahren.de\/blog\/2012\/11\/18\/messe-akut-bremen-verletztendekontaminition\/","url_meta":{"origin":3815,"position":1},"title":"Messe AKUT Bremen &#8211; Verletztendekontaminition","author":"Andre Schild","date":"18. November 2012","format":false,"excerpt":"W\u00e4hrend der Messe Akut hat Florian von feuerwehrleben.de den gemeinsamen Stand des ASB Bremen und der Feuerwehr Essen besucht. Dargestellt wurde eine Patientenablage im Kontaminationsbereich und die nachfolgende Dekontamination von Verletzten. Aber lest selbst den Bericht und schaut euch das Interview bei feuerwehrleben.de an.","rel":"","context":"In &quot;ABC-Gefahren&quot;","block_context":{"text":"ABC-Gefahren","link":"https:\/\/www.abc-gefahren.de\/blog\/category\/abc-gefahren\/"},"img":{"alt_text":"","src":"","width":0,"height":0},"classes":[]},{"id":5034,"url":"https:\/\/www.abc-gefahren.de\/blog\/2026\/02\/16\/einsatzhilfen-zur-umrechnung-der-anzeigewerte-von-ex-messgeraeten-werden-zurueckgezogen\/","url_meta":{"origin":3815,"position":2},"title":"Einsatzhilfen zur Umrechnung der Anzeigewerte von Ex-Messger\u00e4ten werden zur\u00fcckgezogen","author":"Markus Held","date":"16. Februar 2026","format":false,"excerpt":"Die Messtechnik und die zugeh\u00f6rigen Auswertealgorithmen der Software in den Ex-Messger\u00e4ten entwickeln sich stetig weiter. Nach R\u00fccksprache mit allen auf der Interschutz 2022 als Aussteller vertretenen Hersteller von Ex-Messger\u00e4ten ist es heutzutage leider nicht mehr m\u00f6glich, eine einfache Faustformel zur Umrechnung der Anzeige von allen Ex-Messger\u00e4ten aller Hersteller anzuwenden, wenn\u2026","rel":"","context":"In &quot;Ausbildung&quot;","block_context":{"text":"Ausbildung","link":"https:\/\/www.abc-gefahren.de\/blog\/category\/ausbildungubung\/"},"img":{"alt_text":"","src":"","width":0,"height":0},"classes":[]},{"id":3287,"url":"https:\/\/www.abc-gefahren.de\/blog\/2015\/12\/14\/interschutz-2015-bruker\/","url_meta":{"origin":3815,"position":3},"title":"Interschutz 2015: Bruker","author":"Markus Held","date":"14. Dezember 2015","format":false,"excerpt":"Im Au\u00dfenbereich der Interschutz war die Firma Bruker mit seiner Messtechnik auf der Interschutz vertreten. Das Spektrum ging von einzelnen Messger\u00e4ten bis zum Aufbau eines ganzen Messfahrzeuges mit einem Fernerkundungsger\u00e4t auf dem Dach dieses Fahrzeuges. Es waren diverese einzelne IMS auf dem Stand ausgestellt. Dies waren das RAID M 100,\u2026","rel":"","context":"In &quot;ABC-Erkundung&quot;","block_context":{"text":"ABC-Erkundung","link":"https:\/\/www.abc-gefahren.de\/blog\/category\/abc-erkundung\/"},"img":{"alt_text":"Bruker Fahrzeug","src":"https:\/\/i0.wp.com\/www.abc-gefahren.de\/blog\/wp-content\/uploads\/2015\/10\/Bruker-Fahrzeug.jpg?resize=350%2C200","width":350,"height":200},"classes":[]},{"id":4930,"url":"https:\/\/www.abc-gefahren.de\/blog\/2024\/10\/01\/ggs-fachmesse-gefahrgut-gefahrstoff\/","url_meta":{"origin":3815,"position":4},"title":"GGS \u2013 Fachmesse Gefahrgut \/\/ Gefahrstoff","author":"Markus Held","date":"1. Oktober 2024","format":false,"excerpt":"Die GGS \u2013 Fachmesse Gefahrgut \/\/ Gefahrstoff ist die europaweit einzige Fachmesse zur Gefahrgut- und Gefahrstofflogistik. Die GGS-Fachmesse widmet sich der Lagerung, der Intralogistik von Gefahrstoffen sowie der Sicherheit im Umgang mit gef\u00e4hrlichen G\u00fctern und Stoffen. Dabei werden unter anderem Produkte und Konzepte f\u00fcr Erste-Hilfe-Ma\u00dfnahmen bei Unf\u00e4llen mit Gefahrstoffen sowie\u2026","rel":"","context":"In &quot;Veranstaltungen&quot;","block_context":{"text":"Veranstaltungen","link":"https:\/\/www.abc-gefahren.de\/blog\/category\/veranstaltungen\/"},"img":{"alt_text":"","src":"","width":0,"height":0},"classes":[]},{"id":204,"url":"https:\/\/www.abc-gefahren.de\/blog\/2009\/03\/07\/cebit-interessantes-fuer-die-abc-gefahrenabwehr\/","url_meta":{"origin":3815,"position":5},"title":"CeBIT\u2013 Interessantes f\u00fcr die ABC-Gefahrenabwehr","author":"Andre Schild","date":"7. M\u00e4rz 2009","format":false,"excerpt":"Ich wollte einfach mal wieder auf der CeBIT 2009 besuchen und habe nach der Aktion von Basic Thinking und Plusserver auf der CeBIT 2009 vorbei geschaut. Danke an dieser Stelle f\u00fcr die Eintrittskarte! Am Anfang dachte ich mir, langsam reichen mir die beleuchteten Computerm\u00e4use wirklich und richtig angesprochen hat mich\u2026","rel":"","context":"In &quot;ABC-Gefahren&quot;","block_context":{"text":"ABC-Gefahren","link":"https:\/\/www.abc-gefahren.de\/blog\/category\/abc-gefahren\/"},"img":{"alt_text":"","src":"","width":0,"height":0},"classes":[]}],"jetpack_sharing_enabled":true,"_links":{"self":[{"href":"https:\/\/www.abc-gefahren.de\/blog\/wp-json\/wp\/v2\/posts\/3815","targetHints":{"allow":["GET"]}}],"collection":[{"href":"https:\/\/www.abc-gefahren.de\/blog\/wp-json\/wp\/v2\/posts"}],"about":[{"href":"https:\/\/www.abc-gefahren.de\/blog\/wp-json\/wp\/v2\/types\/post"}],"author":[{"embeddable":true,"href":"https:\/\/www.abc-gefahren.de\/blog\/wp-json\/wp\/v2\/users\/17"}],"replies":[{"embeddable":true,"href":"https:\/\/www.abc-gefahren.de\/blog\/wp-json\/wp\/v2\/comments?post=3815"}],"version-history":[{"count":5,"href":"https:\/\/www.abc-gefahren.de\/blog\/wp-json\/wp\/v2\/posts\/3815\/revisions"}],"predecessor-version":[{"id":3861,"href":"https:\/\/www.abc-gefahren.de\/blog\/wp-json\/wp\/v2\/posts\/3815\/revisions\/3861"}],"wp:featuredmedia":[{"embeddable":true,"href":"https:\/\/www.abc-gefahren.de\/blog\/wp-json\/wp\/v2\/media\/3817"}],"wp:attachment":[{"href":"https:\/\/www.abc-gefahren.de\/blog\/wp-json\/wp\/v2\/media?parent=3815"}],"wp:term":[{"taxonomy":"category","embeddable":true,"href":"https:\/\/www.abc-gefahren.de\/blog\/wp-json\/wp\/v2\/categories?post=3815"},{"taxonomy":"post_tag","embeddable":true,"href":"https:\/\/www.abc-gefahren.de\/blog\/wp-json\/wp\/v2\/tags?post=3815"}],"curies":[{"name":"wp","href":"https:\/\/api.w.org\/{rel}","templated":true}]}}