{"id":4960,"date":"2025-08-29T17:32:46","date_gmt":"2025-08-29T15:32:46","guid":{"rendered":"https:\/\/www.abc-gefahren.de\/blog\/?p=4960"},"modified":"2025-08-30T21:54:46","modified_gmt":"2025-08-30T19:54:46","slug":"asbest-im-feuerwehreinsatz-unsichtbare-gefahr-fuer-einsatzkraefte","status":"publish","type":"post","link":"https:\/\/www.abc-gefahren.de\/blog\/2025\/08\/29\/asbest-im-feuerwehreinsatz-unsichtbare-gefahr-fuer-einsatzkraefte\/","title":{"rendered":"Asbest im Feuerwehreinsatz \u2013 unsichtbare Gefahr f\u00fcr Einsatzkr\u00e4fte"},"content":{"rendered":"\r\n<p class=\"s4\">Asbest gilt bis heute als einer der gef\u00e4hrlichsten Gefahrstoffe im Einsatz. Obwohl die Herstellung seit 1993 verboten ist, begegnet Feuerwehrleuten das Material regelm\u00e4\u00dfig an der Einsatzstelle. Besonders Br\u00e4nde, Geb\u00e4udeeinst\u00fcrze und Renovierungen k\u00f6nnen Asbestfasern freisetzen \u2013 unsichtbar, aber hochgradig gesundheitssch\u00e4dlich.<br \/><br \/>Der Verband der Feuerwehren in NRW (VdF NRW) hat deshalb 2021 einen Leitfaden ver\u00f6ffentlicht: \u201eUmgang mit Asbest-Verdachtsf\u00e4llen an Einsatzstellen der Feuerwehr\u201c. Wir zeigen euch die wichtigsten Inhalte \u2013 praxisnah, locker-informativ und direkt f\u00fcr den Feuerwehralltag nutzbar.<\/p>\r\n\r\n\r\n\r\n<p><!--more--><\/p>\r\n\r\n\r\n\r\n<h2 class=\"wp-block-heading\">Warum ist Asbest im Feuerwehr-Einsatz so gef\u00e4hrlich?<\/h2>\r\n\r\n\r\n\r\n<ul class=\"wp-block-list\">\r\n<li>Unsichtbar und lungeng\u00e4ngig: Asbestfasern sind mikroskopisch klein und gelangen tief in die Lunge.<\/li>\r\n\r\n\r\n\r\n<li>Langzeitfolgen: Krankheiten wie Asbestose, Lungenkrebs oder Mesotheliome treten oft Jahrzehnte nach der Exposition auf.<\/li>\r\n\r\n\r\n\r\n<li>Schon geringe Mengen reichen: Selbst kleine Faserfreisetzungen k\u00f6nnen ein Risiko darstellen.<\/li>\r\n<\/ul>\r\n\r\n\r\n\r\n<p>F\u00fcr Feuerwehrleute hei\u00dft das: Schon der Verdacht auf Asbest muss ernst genommen werden.<\/p>\r\n\r\n\r\n\r\n<h2 class=\"wp-block-heading\">Typische Asbest-Verdachtsf\u00e4lle im Einsatz<\/h2>\r\n\r\n\r\n\r\n<p class=\"s4\">Einsatzkr\u00e4fte sollten bei folgenden Anzeichen sofort an Asbestgefahr im Feuerwehr-Einsatz denken:<\/p>\r\n\r\n\r\n\r\n<ul class=\"wp-block-list\">\r\n<li>Geb\u00e4ude, die vor 1993 errichtet oder renoviert wurden<\/li>\r\n\r\n\r\n\r\n<li>Faserzementplatten (Eternit) an D\u00e4chern oder Fassaden<\/li>\r\n\r\n\r\n\r\n<li>Brandschutzplatten, Bodenbel\u00e4ge oder Spritzasbest in Altbauten<\/li>\r\n\r\n\r\n\r\n<li>Zerst\u00f6rte, erhitzte oder zerbrochene Materialien nach Br\u00e4nden oder Einst\u00fcrzen<\/li>\r\n<\/ul>\r\n\r\n\r\n\r\n<p class=\"s4\">Praxisbeispiel: Ein Wohnhaus aus den 1970er-Jahren brennt. Die Fassade besteht aus Faserzementplatten. \u2192 Verdachtsfall Asbest!<\/p>\r\n\r\n\r\n\r\n<h2 class=\"wp-block-heading\">Sofortma\u00dfnahmen bei Asbest-Verdachtsf\u00e4llen<\/h2>\r\n\r\n\r\n\r\n<p class=\"s6\">Der NRW-Leitfaden gibt klare Handlungsempfehlungen f\u00fcr den Feuerwehreinsatz bei Asbestgefahr:<\/p>\r\n\r\n\r\n\r\n<ol class=\"wp-block-list\">\r\n<li>Asbestverdacht ernst nehmen \u2013 im Zweifel immer als Gefahrenlage behandeln.<\/li>\r\n\r\n\r\n\r\n<li>Staub vermeiden \u2013 kein unn\u00f6tiges Zerschlagen oder Umr\u00e4umen asbesthaltiger Bauteile.<\/li>\r\n\r\n\r\n\r\n<li>Schutz der Einsatzkr\u00e4fte \u2013 Atemschutz mit P3-Filter, besser Pressluftatmer.<\/li>\r\n\r\n\r\n\r\n<li>Absperren und sichern \u2013 keine ungesch\u00fctzten Personen im Gefahrenbereich.<\/li>\r\n\r\n\r\n\r\n<li>Dokumentation und Meldung \u2013 Verdachtsfall im Einsatzprotokoll, Beh\u00f6rden informieren.<\/li>\r\n<\/ol>\r\n\r\n\r\n\r\n<h2 class=\"wp-block-heading\">Nachsorge: Dekontamination ist Pflicht<\/h2>\r\n\r\n\r\n\r\n<p class=\"s6\">Ein gro\u00dfer Risikofaktor ist die Verschleppung von Asbestfasern:<\/p>\r\n\r\n\r\n\r\n<ul class=\"wp-block-list\">\r\n<li>Einsatzkleidung sofort sicher verpacken und Spezialreinigung zuf\u00fchren.<\/li>\r\n\r\n\r\n\r\n<li>Ger\u00e4te und Fahrzeuge gr\u00fcndlich reinigen.<\/li>\r\n\r\n\r\n\r\n<li>Hygiene: gr\u00fcndliches Duschen, Wechselkleidung nach jedem Einsatz.<\/li>\r\n<\/ul>\r\n\r\n\r\n\r\n<p class=\"s6\">So bleibt die Gefahr an der Einsatzstelle \u2013 und gelangt nicht in Feuerwehrhaus oder Privatbereich.<\/p>\r\n\r\n\r\n\r\n<h2 class=\"wp-block-heading\">Ausbildung &amp; Sensibilisierung in der Feuerwehr<\/h2>\r\n\r\n\r\n\r\n<p class=\"s6\">Damit Feuerwehrleute bei Asbest-Verdachtsf\u00e4llen richtig handeln k\u00f6nnen, ist Ausbildung entscheidend:<\/p>\r\n\r\n\r\n\r\n<ul class=\"wp-block-list\">\r\n<li>Integration von Asbest-Themen in die Grundausbildung<\/li>\r\n\r\n\r\n\r\n<li>Regelm\u00e4\u00dfige \u00dcbungen und Schulungen<\/li>\r\n\r\n\r\n\r\n<li>Checklisten und Hinweise in Fahrzeugen bereitstellen<\/li>\r\n<\/ul>\r\n\r\n\r\n\r\n<p class=\"s6\">Nur durch kontinuierliche Sensibilisierung wird das Thema im Einsatzalltag pr\u00e4sent.<\/p>\r\n\r\n\r\n\r\n<h2 class=\"wp-block-heading\">Fazit: Besser einmal zu vorsichtig als einmal zu sp\u00e4t<\/h2>\r\n\r\n\r\n\r\n<p class=\"s6\">Asbest bleibt ein \u201eAltlasten-Problem\u201c \u2013 auch Jahrzehnte nach dem Verbot. F\u00fcr die Feuerwehr gilt: Erkennen, sch\u00fctzen, dokumentieren und konsequent dekontaminieren. Der Leitfaden des VdF NRW bietet dazu eine wertvolle Orientierung.<br \/><br \/>Den Leitfaden findet man hier:\u00a0https:\/\/www.feuerwehrverband.nrw\/fileadmin\/Downloads\/Verband\/Themen\/Ausbildung%20und%20Einsatz\/2021-08-27_AE_Leitfaden_AsbestVerdachtsfaelle.pdf<br \/><br \/>Merksatz f\u00fcr Feuerwehrkr\u00e4fte:<br \/>\u201eLieber einmal zu viel an Asbest gedacht \u2013 als ein Leben lang die Folgen tragen.\u201c<\/p>\r\n","protected":false},"excerpt":{"rendered":"<p>Asbest gilt bis heute als einer der gef\u00e4hrlichsten Gefahrstoffe im Einsatz. Obwohl die Herstellung seit 1993 verboten ist, begegnet Feuerwehrleuten das Material regelm\u00e4\u00dfig an der Einsatzstelle. Besonders Br\u00e4nde, Geb\u00e4udeeinst\u00fcrze und Renovierungen k\u00f6nnen Asbestfasern freisetzen \u2013 unsichtbar, aber hochgradig gesundheitssch\u00e4dlich. Der Verband der Feuerwehren in NRW (VdF NRW) hat deshalb 2021 &hellip;<\/p>\n","protected":false},"author":2,"featured_media":0,"comment_status":"open","ping_status":"open","sticky":false,"template":"","format":"standard","meta":{"jetpack_post_was_ever_published":false,"_jetpack_newsletter_access":"","_jetpack_dont_email_post_to_subs":false,"_jetpack_newsletter_tier_id":0,"_jetpack_memberships_contains_paywalled_content":false,"_jetpack_memberships_contains_paid_content":false,"footnotes":"","jetpack_publicize_message":"","jetpack_publicize_feature_enabled":true,"jetpack_social_post_already_shared":true,"jetpack_social_options":{"image_generator_settings":{"template":"highway","default_image_id":0,"font":"","enabled":false},"version":2}},"categories":[7],"tags":[911,906,907,909,910,908],"class_list":["post-4960","post","type-post","status-publish","format-standard","hentry","category-c-gefahren","tag-asbest","tag-asbest-feuerwehr","tag-asbest-verdachtsfaelle","tag-asbestgefahr-feuerwehreinsatz","tag-feuerwehr-asbest-leitfaden","tag-gefahrstoffe-im-einsatz"],"yoast_head":"<!-- This site is optimized with the Yoast SEO plugin v27.5 - https:\/\/yoast.com\/product\/yoast-seo-wordpress\/ -->\n<title>Asbest im Feuerwehreinsatz \u2013 unsichtbare Gefahr f\u00fcr Einsatzkr\u00e4fte - ABC-Gefahren - Blog<\/title>\n<meta name=\"robots\" content=\"index, follow, max-snippet:-1, max-image-preview:large, max-video-preview:-1\" \/>\n<link rel=\"canonical\" href=\"https:\/\/www.abc-gefahren.de\/blog\/2025\/08\/29\/asbest-im-feuerwehreinsatz-unsichtbare-gefahr-fuer-einsatzkraefte\/\" \/>\n<meta property=\"og:locale\" content=\"de_DE\" \/>\n<meta property=\"og:type\" content=\"article\" \/>\n<meta property=\"og:title\" content=\"Asbest im Feuerwehreinsatz \u2013 unsichtbare Gefahr f\u00fcr Einsatzkr\u00e4fte - ABC-Gefahren - Blog\" \/>\n<meta property=\"og:description\" content=\"Asbest gilt bis heute als einer der gef\u00e4hrlichsten Gefahrstoffe im Einsatz. Obwohl die Herstellung seit 1993 verboten ist, begegnet Feuerwehrleuten das Material regelm\u00e4\u00dfig an der Einsatzstelle. Besonders Br\u00e4nde, Geb\u00e4udeeinst\u00fcrze und Renovierungen k\u00f6nnen Asbestfasern freisetzen \u2013 unsichtbar, aber hochgradig gesundheitssch\u00e4dlich. Der Verband der Feuerwehren in NRW (VdF NRW) hat deshalb 2021 &hellip;\" \/>\n<meta property=\"og:url\" content=\"https:\/\/www.abc-gefahren.de\/blog\/2025\/08\/29\/asbest-im-feuerwehreinsatz-unsichtbare-gefahr-fuer-einsatzkraefte\/\" \/>\n<meta property=\"og:site_name\" content=\"ABC-Gefahren - Blog\" \/>\n<meta property=\"article:publisher\" content=\"https:\/\/www.facebook.com\/ABCGefahren\/\" \/>\n<meta property=\"article:published_time\" content=\"2025-08-29T15:32:46+00:00\" \/>\n<meta property=\"article:modified_time\" content=\"2025-08-30T19:54:46+00:00\" \/>\n<meta name=\"author\" content=\"Andre Schild\" \/>\n<meta name=\"twitter:card\" content=\"summary_large_image\" \/>\n<meta name=\"twitter:creator\" content=\"@http:\/\/www.twitter.com\/abcist\" \/>\n<meta name=\"twitter:site\" content=\"@abcgefahren\" \/>\n<meta name=\"twitter:label1\" content=\"Verfasst von\" \/>\n\t<meta name=\"twitter:data1\" content=\"Andre Schild\" \/>\n\t<meta name=\"twitter:label2\" content=\"Gesch\u00e4tzte Lesezeit\" \/>\n\t<meta name=\"twitter:data2\" content=\"3\u00a0Minuten\" \/>\n<script type=\"application\/ld+json\" class=\"yoast-schema-graph\">{\"@context\":\"https:\\\/\\\/schema.org\",\"@graph\":[{\"@type\":\"Article\",\"@id\":\"https:\\\/\\\/www.abc-gefahren.de\\\/blog\\\/2025\\\/08\\\/29\\\/asbest-im-feuerwehreinsatz-unsichtbare-gefahr-fuer-einsatzkraefte\\\/#article\",\"isPartOf\":{\"@id\":\"https:\\\/\\\/www.abc-gefahren.de\\\/blog\\\/2025\\\/08\\\/29\\\/asbest-im-feuerwehreinsatz-unsichtbare-gefahr-fuer-einsatzkraefte\\\/\"},\"author\":{\"name\":\"Andre Schild\",\"@id\":\"https:\\\/\\\/www.abc-gefahren.de\\\/blog\\\/#\\\/schema\\\/person\\\/492dffd15f0af7cad8a75a0634d25497\"},\"headline\":\"Asbest im Feuerwehreinsatz \u2013 unsichtbare Gefahr f\u00fcr Einsatzkr\u00e4fte\",\"datePublished\":\"2025-08-29T15:32:46+00:00\",\"dateModified\":\"2025-08-30T19:54:46+00:00\",\"mainEntityOfPage\":{\"@id\":\"https:\\\/\\\/www.abc-gefahren.de\\\/blog\\\/2025\\\/08\\\/29\\\/asbest-im-feuerwehreinsatz-unsichtbare-gefahr-fuer-einsatzkraefte\\\/\"},\"wordCount\":460,\"commentCount\":0,\"publisher\":{\"@id\":\"https:\\\/\\\/www.abc-gefahren.de\\\/blog\\\/#organization\"},\"keywords\":[\"Asbest\",\"Asbest Feuerwehr\",\"Asbest Verdachtsf\u00e4lle\",\"Asbestgefahr Feuerwehreinsatz\",\"Feuerwehr Asbest Leitfaden\",\"Gefahrstoffe im Einsatz\"],\"articleSection\":[\"C-Gefahren\"],\"inLanguage\":\"de\",\"potentialAction\":[{\"@type\":\"CommentAction\",\"name\":\"Comment\",\"target\":[\"https:\\\/\\\/www.abc-gefahren.de\\\/blog\\\/2025\\\/08\\\/29\\\/asbest-im-feuerwehreinsatz-unsichtbare-gefahr-fuer-einsatzkraefte\\\/#respond\"]}]},{\"@type\":\"WebPage\",\"@id\":\"https:\\\/\\\/www.abc-gefahren.de\\\/blog\\\/2025\\\/08\\\/29\\\/asbest-im-feuerwehreinsatz-unsichtbare-gefahr-fuer-einsatzkraefte\\\/\",\"url\":\"https:\\\/\\\/www.abc-gefahren.de\\\/blog\\\/2025\\\/08\\\/29\\\/asbest-im-feuerwehreinsatz-unsichtbare-gefahr-fuer-einsatzkraefte\\\/\",\"name\":\"Asbest im Feuerwehreinsatz \u2013 unsichtbare Gefahr f\u00fcr Einsatzkr\u00e4fte - ABC-Gefahren - Blog\",\"isPartOf\":{\"@id\":\"https:\\\/\\\/www.abc-gefahren.de\\\/blog\\\/#website\"},\"datePublished\":\"2025-08-29T15:32:46+00:00\",\"dateModified\":\"2025-08-30T19:54:46+00:00\",\"breadcrumb\":{\"@id\":\"https:\\\/\\\/www.abc-gefahren.de\\\/blog\\\/2025\\\/08\\\/29\\\/asbest-im-feuerwehreinsatz-unsichtbare-gefahr-fuer-einsatzkraefte\\\/#breadcrumb\"},\"inLanguage\":\"de\",\"potentialAction\":[{\"@type\":\"ReadAction\",\"target\":[\"https:\\\/\\\/www.abc-gefahren.de\\\/blog\\\/2025\\\/08\\\/29\\\/asbest-im-feuerwehreinsatz-unsichtbare-gefahr-fuer-einsatzkraefte\\\/\"]}]},{\"@type\":\"BreadcrumbList\",\"@id\":\"https:\\\/\\\/www.abc-gefahren.de\\\/blog\\\/2025\\\/08\\\/29\\\/asbest-im-feuerwehreinsatz-unsichtbare-gefahr-fuer-einsatzkraefte\\\/#breadcrumb\",\"itemListElement\":[{\"@type\":\"ListItem\",\"position\":1,\"name\":\"Startseite\",\"item\":\"https:\\\/\\\/www.abc-gefahren.de\\\/blog\\\/\"},{\"@type\":\"ListItem\",\"position\":2,\"name\":\"Asbest im Feuerwehreinsatz \u2013 unsichtbare Gefahr f\u00fcr Einsatzkr\u00e4fte\"}]},{\"@type\":\"WebSite\",\"@id\":\"https:\\\/\\\/www.abc-gefahren.de\\\/blog\\\/#website\",\"url\":\"https:\\\/\\\/www.abc-gefahren.de\\\/blog\\\/\",\"name\":\"ABC-Gefahren - Blog\",\"description\":\"Der Weblog des Portals ABC-Gefahren.de\",\"publisher\":{\"@id\":\"https:\\\/\\\/www.abc-gefahren.de\\\/blog\\\/#organization\"},\"potentialAction\":[{\"@type\":\"SearchAction\",\"target\":{\"@type\":\"EntryPoint\",\"urlTemplate\":\"https:\\\/\\\/www.abc-gefahren.de\\\/blog\\\/?s={search_term_string}\"},\"query-input\":{\"@type\":\"PropertyValueSpecification\",\"valueRequired\":true,\"valueName\":\"search_term_string\"}}],\"inLanguage\":\"de\"},{\"@type\":\"Organization\",\"@id\":\"https:\\\/\\\/www.abc-gefahren.de\\\/blog\\\/#organization\",\"name\":\"ABC-Gefahren\",\"url\":\"https:\\\/\\\/www.abc-gefahren.de\\\/blog\\\/\",\"logo\":{\"@type\":\"ImageObject\",\"inLanguage\":\"de\",\"@id\":\"https:\\\/\\\/www.abc-gefahren.de\\\/blog\\\/#\\\/schema\\\/logo\\\/image\\\/\",\"url\":\"https:\\\/\\\/www.abc-gefahren.de\\\/blog\\\/wp-content\\\/uploads\\\/2015\\\/05\\\/cropped-logo-abcgefahren-2.jpg\",\"contentUrl\":\"https:\\\/\\\/www.abc-gefahren.de\\\/blog\\\/wp-content\\\/uploads\\\/2015\\\/05\\\/cropped-logo-abcgefahren-2.jpg\",\"width\":603,\"height\":602,\"caption\":\"ABC-Gefahren\"},\"image\":{\"@id\":\"https:\\\/\\\/www.abc-gefahren.de\\\/blog\\\/#\\\/schema\\\/logo\\\/image\\\/\"},\"sameAs\":[\"https:\\\/\\\/www.facebook.com\\\/ABCGefahren\\\/\",\"https:\\\/\\\/x.com\\\/abcgefahren\",\"https:\\\/\\\/www.instagram.com\\\/abcgefahren\\\/\",\"https:\\\/\\\/abcgefahren.bsky.social\\\/\",\"https:\\\/\\\/www.threads.net\\\/@abcgefahren\"]},{\"@type\":\"Person\",\"@id\":\"https:\\\/\\\/www.abc-gefahren.de\\\/blog\\\/#\\\/schema\\\/person\\\/492dffd15f0af7cad8a75a0634d25497\",\"name\":\"Andre Schild\",\"image\":{\"@type\":\"ImageObject\",\"inLanguage\":\"de\",\"@id\":\"https:\\\/\\\/secure.gravatar.com\\\/avatar\\\/d26ae222c2bfde5d184c51be81aed9d6d33e0a4422c68c98a35d8324959e51d1?s=96&d=mm&r=g\",\"url\":\"https:\\\/\\\/secure.gravatar.com\\\/avatar\\\/d26ae222c2bfde5d184c51be81aed9d6d33e0a4422c68c98a35d8324959e51d1?s=96&d=mm&r=g\",\"contentUrl\":\"https:\\\/\\\/secure.gravatar.com\\\/avatar\\\/d26ae222c2bfde5d184c51be81aed9d6d33e0a4422c68c98a35d8324959e51d1?s=96&d=mm&r=g\",\"caption\":\"Andre Schild\"},\"description\":\"Ist Gr\u00fcnder und Betreiber von ABC-Gefahren.de. Das \u201cj\u00fcngste Kind\u201ddieses Portales ist dieser Weblog bzw. Blog. Neben Artikel aus dem gesamtem Spektrum der ABC-Gefahren liegt sein Schwerpunkt in der Informationsbeschaffung in ABC-Lagen und der ABC-Auswertung. Sein Ziel den Ausbildungsstand im Bereich der ABC-Gefahren zu verbessern verfolgt er auch hier im Blog.\",\"sameAs\":[\"http:\\\/\\\/www.abc-gefahren.de\",\"https:\\\/\\\/x.com\\\/http:\\\/\\\/www.twitter.com\\\/abcist\"],\"url\":\"https:\\\/\\\/www.abc-gefahren.de\\\/blog\\\/author\\\/andre-schild\\\/\"}]}<\/script>\n<!-- \/ Yoast SEO plugin. -->","yoast_head_json":{"title":"Asbest im Feuerwehreinsatz \u2013 unsichtbare Gefahr f\u00fcr Einsatzkr\u00e4fte - ABC-Gefahren - Blog","robots":{"index":"index","follow":"follow","max-snippet":"max-snippet:-1","max-image-preview":"max-image-preview:large","max-video-preview":"max-video-preview:-1"},"canonical":"https:\/\/www.abc-gefahren.de\/blog\/2025\/08\/29\/asbest-im-feuerwehreinsatz-unsichtbare-gefahr-fuer-einsatzkraefte\/","og_locale":"de_DE","og_type":"article","og_title":"Asbest im Feuerwehreinsatz \u2013 unsichtbare Gefahr f\u00fcr Einsatzkr\u00e4fte - ABC-Gefahren - Blog","og_description":"Asbest gilt bis heute als einer der gef\u00e4hrlichsten Gefahrstoffe im Einsatz. Obwohl die Herstellung seit 1993 verboten ist, begegnet Feuerwehrleuten das Material regelm\u00e4\u00dfig an der Einsatzstelle. Besonders Br\u00e4nde, Geb\u00e4udeeinst\u00fcrze und Renovierungen k\u00f6nnen Asbestfasern freisetzen \u2013 unsichtbar, aber hochgradig gesundheitssch\u00e4dlich. Der Verband der Feuerwehren in NRW (VdF NRW) hat deshalb 2021 &hellip;","og_url":"https:\/\/www.abc-gefahren.de\/blog\/2025\/08\/29\/asbest-im-feuerwehreinsatz-unsichtbare-gefahr-fuer-einsatzkraefte\/","og_site_name":"ABC-Gefahren - Blog","article_publisher":"https:\/\/www.facebook.com\/ABCGefahren\/","article_published_time":"2025-08-29T15:32:46+00:00","article_modified_time":"2025-08-30T19:54:46+00:00","author":"Andre Schild","twitter_card":"summary_large_image","twitter_creator":"@http:\/\/www.twitter.com\/abcist","twitter_site":"@abcgefahren","twitter_misc":{"Verfasst von":"Andre Schild","Gesch\u00e4tzte Lesezeit":"3\u00a0Minuten"},"schema":{"@context":"https:\/\/schema.org","@graph":[{"@type":"Article","@id":"https:\/\/www.abc-gefahren.de\/blog\/2025\/08\/29\/asbest-im-feuerwehreinsatz-unsichtbare-gefahr-fuer-einsatzkraefte\/#article","isPartOf":{"@id":"https:\/\/www.abc-gefahren.de\/blog\/2025\/08\/29\/asbest-im-feuerwehreinsatz-unsichtbare-gefahr-fuer-einsatzkraefte\/"},"author":{"name":"Andre Schild","@id":"https:\/\/www.abc-gefahren.de\/blog\/#\/schema\/person\/492dffd15f0af7cad8a75a0634d25497"},"headline":"Asbest im Feuerwehreinsatz \u2013 unsichtbare Gefahr f\u00fcr Einsatzkr\u00e4fte","datePublished":"2025-08-29T15:32:46+00:00","dateModified":"2025-08-30T19:54:46+00:00","mainEntityOfPage":{"@id":"https:\/\/www.abc-gefahren.de\/blog\/2025\/08\/29\/asbest-im-feuerwehreinsatz-unsichtbare-gefahr-fuer-einsatzkraefte\/"},"wordCount":460,"commentCount":0,"publisher":{"@id":"https:\/\/www.abc-gefahren.de\/blog\/#organization"},"keywords":["Asbest","Asbest Feuerwehr","Asbest Verdachtsf\u00e4lle","Asbestgefahr Feuerwehreinsatz","Feuerwehr Asbest Leitfaden","Gefahrstoffe im Einsatz"],"articleSection":["C-Gefahren"],"inLanguage":"de","potentialAction":[{"@type":"CommentAction","name":"Comment","target":["https:\/\/www.abc-gefahren.de\/blog\/2025\/08\/29\/asbest-im-feuerwehreinsatz-unsichtbare-gefahr-fuer-einsatzkraefte\/#respond"]}]},{"@type":"WebPage","@id":"https:\/\/www.abc-gefahren.de\/blog\/2025\/08\/29\/asbest-im-feuerwehreinsatz-unsichtbare-gefahr-fuer-einsatzkraefte\/","url":"https:\/\/www.abc-gefahren.de\/blog\/2025\/08\/29\/asbest-im-feuerwehreinsatz-unsichtbare-gefahr-fuer-einsatzkraefte\/","name":"Asbest im Feuerwehreinsatz \u2013 unsichtbare Gefahr f\u00fcr Einsatzkr\u00e4fte - ABC-Gefahren - Blog","isPartOf":{"@id":"https:\/\/www.abc-gefahren.de\/blog\/#website"},"datePublished":"2025-08-29T15:32:46+00:00","dateModified":"2025-08-30T19:54:46+00:00","breadcrumb":{"@id":"https:\/\/www.abc-gefahren.de\/blog\/2025\/08\/29\/asbest-im-feuerwehreinsatz-unsichtbare-gefahr-fuer-einsatzkraefte\/#breadcrumb"},"inLanguage":"de","potentialAction":[{"@type":"ReadAction","target":["https:\/\/www.abc-gefahren.de\/blog\/2025\/08\/29\/asbest-im-feuerwehreinsatz-unsichtbare-gefahr-fuer-einsatzkraefte\/"]}]},{"@type":"BreadcrumbList","@id":"https:\/\/www.abc-gefahren.de\/blog\/2025\/08\/29\/asbest-im-feuerwehreinsatz-unsichtbare-gefahr-fuer-einsatzkraefte\/#breadcrumb","itemListElement":[{"@type":"ListItem","position":1,"name":"Startseite","item":"https:\/\/www.abc-gefahren.de\/blog\/"},{"@type":"ListItem","position":2,"name":"Asbest im Feuerwehreinsatz \u2013 unsichtbare Gefahr f\u00fcr Einsatzkr\u00e4fte"}]},{"@type":"WebSite","@id":"https:\/\/www.abc-gefahren.de\/blog\/#website","url":"https:\/\/www.abc-gefahren.de\/blog\/","name":"ABC-Gefahren - Blog","description":"Der Weblog des Portals ABC-Gefahren.de","publisher":{"@id":"https:\/\/www.abc-gefahren.de\/blog\/#organization"},"potentialAction":[{"@type":"SearchAction","target":{"@type":"EntryPoint","urlTemplate":"https:\/\/www.abc-gefahren.de\/blog\/?s={search_term_string}"},"query-input":{"@type":"PropertyValueSpecification","valueRequired":true,"valueName":"search_term_string"}}],"inLanguage":"de"},{"@type":"Organization","@id":"https:\/\/www.abc-gefahren.de\/blog\/#organization","name":"ABC-Gefahren","url":"https:\/\/www.abc-gefahren.de\/blog\/","logo":{"@type":"ImageObject","inLanguage":"de","@id":"https:\/\/www.abc-gefahren.de\/blog\/#\/schema\/logo\/image\/","url":"https:\/\/www.abc-gefahren.de\/blog\/wp-content\/uploads\/2015\/05\/cropped-logo-abcgefahren-2.jpg","contentUrl":"https:\/\/www.abc-gefahren.de\/blog\/wp-content\/uploads\/2015\/05\/cropped-logo-abcgefahren-2.jpg","width":603,"height":602,"caption":"ABC-Gefahren"},"image":{"@id":"https:\/\/www.abc-gefahren.de\/blog\/#\/schema\/logo\/image\/"},"sameAs":["https:\/\/www.facebook.com\/ABCGefahren\/","https:\/\/x.com\/abcgefahren","https:\/\/www.instagram.com\/abcgefahren\/","https:\/\/abcgefahren.bsky.social\/","https:\/\/www.threads.net\/@abcgefahren"]},{"@type":"Person","@id":"https:\/\/www.abc-gefahren.de\/blog\/#\/schema\/person\/492dffd15f0af7cad8a75a0634d25497","name":"Andre Schild","image":{"@type":"ImageObject","inLanguage":"de","@id":"https:\/\/secure.gravatar.com\/avatar\/d26ae222c2bfde5d184c51be81aed9d6d33e0a4422c68c98a35d8324959e51d1?s=96&d=mm&r=g","url":"https:\/\/secure.gravatar.com\/avatar\/d26ae222c2bfde5d184c51be81aed9d6d33e0a4422c68c98a35d8324959e51d1?s=96&d=mm&r=g","contentUrl":"https:\/\/secure.gravatar.com\/avatar\/d26ae222c2bfde5d184c51be81aed9d6d33e0a4422c68c98a35d8324959e51d1?s=96&d=mm&r=g","caption":"Andre Schild"},"description":"Ist Gr\u00fcnder und Betreiber von ABC-Gefahren.de. Das \u201cj\u00fcngste Kind\u201ddieses Portales ist dieser Weblog bzw. Blog. Neben Artikel aus dem gesamtem Spektrum der ABC-Gefahren liegt sein Schwerpunkt in der Informationsbeschaffung in ABC-Lagen und der ABC-Auswertung. Sein Ziel den Ausbildungsstand im Bereich der ABC-Gefahren zu verbessern verfolgt er auch hier im Blog.","sameAs":["http:\/\/www.abc-gefahren.de","https:\/\/x.com\/http:\/\/www.twitter.com\/abcist"],"url":"https:\/\/www.abc-gefahren.de\/blog\/author\/andre-schild\/"}]}},"jetpack_publicize_connections":[],"jetpack_featured_media_url":"","jetpack_shortlink":"https:\/\/wp.me\/prRHX-1i0","jetpack-related-posts":[{"id":1790,"url":"https:\/\/www.abc-gefahren.de\/blog\/2012\/04\/13\/neues-von-der-vfdb-2\/","url_meta":{"origin":4960,"position":0},"title":"Neues von der vfdb","author":"Andre Schild","date":"13. April 2012","format":false,"excerpt":"Das Referat 10 Umweltschutz der Vereinigung zur F\u00f6rderung des Deutschen Brandschutzes e.V. hat einen Technischen Bericht zu grundlegenden Randbedingungen im ABC-Einsatz der Feuerwehr vorgelegt. Daneben sind die Merkbl\u00e4tter \u201cEmpfehlung f\u00fcr den Feuerwehreinsatz bei Tierseuchen\u201d und \u201cEmpfehlung f\u00fcr die Erweiterte Ausbildung der Feuerwehr im A-Einsatz\u201d ver\u00f6ffentlicht worden. Technischer Bericht Im Technischen\u2026","rel":"","context":"In &quot;ABC-Gefahren&quot;","block_context":{"text":"ABC-Gefahren","link":"https:\/\/www.abc-gefahren.de\/blog\/category\/abc-gefahren\/"},"img":{"alt_text":"","src":"","width":0,"height":0},"classes":[]},{"id":3595,"url":"https:\/\/www.abc-gefahren.de\/blog\/2017\/09\/09\/gefahrstoffschnellauskunft-fuer-die-feuerwehr\/","url_meta":{"origin":4960,"position":1},"title":"Gefahrstoffschnellauskunft f\u00fcr die Feuerwehr","author":"Andre Schild","date":"9. September 2017","format":false,"excerpt":"Gefahrstoffschnellauskunft f\u00fcr die Feuerwehr oder kurz GSA ist eine Datenbank speziell f\u00fcr die Anwendung der Feuerwehr optimierte Datenbank f\u00fcr Gefahrstoffe. Sie kann von berechtigten Nutzern kostenfrei genutzt werden. Dies sind Dienststellen des Bundes und der L\u00e4nder Baden-W\u00fcrttemberg, Bayern, Berlin, Hamburg, Hessen, Saarland, Sachsen-Anhalt, Sachen, Schleswig-Holstein, Rheinland-Pfalz und Th\u00fcringen. Zus\u00e4tzlich sind\u2026","rel":"","context":"In &quot;Einsatz-Hilfsmittel&quot;","block_context":{"text":"Einsatz-Hilfsmittel","link":"https:\/\/www.abc-gefahren.de\/blog\/category\/einsatz-hilfsmittel\/"},"img":{"alt_text":"","src":"","width":0,"height":0},"classes":[]},{"id":1272,"url":"https:\/\/www.abc-gefahren.de\/blog\/2010\/06\/23\/buch-messtechnik-im-feuerwehreinsatz\/","url_meta":{"origin":4960,"position":2},"title":"Buch: Messtechnik im Feuerwehreinsatz","author":"Andre Schild","date":"23. Juni 2010","format":false,"excerpt":"1995 wurde die erste Auflage des Buches \u201cMesstechnik im Feuerwehreinsatz\u201d ver\u00f6ffentlicht. Es stellte das erste f\u00fcr die Feuerwehr speziell in deutscher Sprache verf\u00fcgbare Buch dar. Auf eine \u00dcberarbeitung des Buches hat die Fach\u00f6ffentlichkeit lange gewartet. Der Autor Jens R\u00f6nnfeldt hat nach 15 Jahren mit dem neuen Co-Autor Mario K\u00f6nig es\u2026","rel":"","context":"In &quot;ABC-Erkundung&quot;","block_context":{"text":"ABC-Erkundung","link":"https:\/\/www.abc-gefahren.de\/blog\/category\/abc-erkundung\/"},"img":{"alt_text":"","src":"","width":0,"height":0},"classes":[]},{"id":548,"url":"https:\/\/www.abc-gefahren.de\/blog\/2009\/08\/27\/analytische-task-force\/","url_meta":{"origin":4960,"position":3},"title":"Analytische Task Force","author":"Andre Schild","date":"27. August 2009","format":false,"excerpt":"Die Analytische Task Force sind Einheiten zur analytischen Unterst\u00fctzung und Beratungen von Einsatzkr\u00e4ften vorrangig bei C-Einsatzlagen. Diese Einheiten werden finanziell und materiell vom Bundesamt f\u00fcr Bev\u00f6lkerungsschutz und Katastrophenhilfe (BBK) gef\u00f6rdert. Und eine Vernetzung der Einheiten unterst\u00fctzt. Im Rahmen des Forschungsvorhabens Untersuchung der Praxisanforderung an die Analytik bei der Bek\u00e4mpfung gro\u00dfer\u2026","rel":"","context":"In &quot;ABC-Erkundung&quot;","block_context":{"text":"ABC-Erkundung","link":"https:\/\/www.abc-gefahren.de\/blog\/category\/abc-erkundung\/"},"img":{"alt_text":"","src":"","width":0,"height":0},"classes":[]},{"id":355,"url":"https:\/\/www.abc-gefahren.de\/blog\/2009\/04\/15\/seminar-schadens-und-gefahrenfaelle-in-den-medien-wasserbodenluft\/","url_meta":{"origin":4960,"position":4},"title":"Seminar: Schadens- und Gefahrenf&auml;lle in den Medien Wasser\/Boden\/Luft","author":"Andre Schild","date":"15. April 2009","format":false,"excerpt":"Dieses Seminar findet im Bildungszentrum f\u00fcr die Entsorgungs- und Wasserwirtschaft GmbH in der Bildungsst\u00e4tte in Essen statt. 2008 hatte ich die M\u00f6glichkeit an dem Seminar teilzunehmen. Es richtet sich zwar, wie auch der Untertitel sagt,\u00a0 als Probenahmeschulung f\u00fcr den Bereitschaftdienst und die dort t\u00e4tigen Mitarbeiter der Umweltbeh\u00f6rden. Aber gerade als\u2026","rel":"","context":"In &quot;Veranstaltungen&quot;","block_context":{"text":"Veranstaltungen","link":"https:\/\/www.abc-gefahren.de\/blog\/category\/veranstaltungen\/"},"img":{"alt_text":"","src":"","width":0,"height":0},"classes":[]},{"id":1357,"url":"https:\/\/www.abc-gefahren.de\/blog\/2010\/10\/05\/fwdv-500-einteilung-in-gefahrengruppen\/","url_meta":{"origin":4960,"position":5},"title":"FwDV 500 &ndash; Einteilung in Gefahrengruppen","author":"Andre Schild","date":"5. Oktober 2010","format":false,"excerpt":"Um Gefahren besser vergleichbar und die Reaktion der Feuerwehr im Rahmen der Einsatzplanung strukturierter zu machen, sind in der Feuerwehr-Dienstvorschrift 500 (FwDV 500) Gefahrengruppen eingef\u00fchrt wurden. Die Gefahrengruppen sind wie folgt definiert: Gefahrengruppe I: Bereiche, in denen die Einsatzkr\u00e4fte ohne Sonderausr\u00fcstung t\u00e4tig werden d\u00fcrfen. Zur Vermeidung einer Inkorporation soll jedoch\u2026","rel":"","context":"In &quot;ABC-Gefahren&quot;","block_context":{"text":"ABC-Gefahren","link":"https:\/\/www.abc-gefahren.de\/blog\/category\/abc-gefahren\/"},"img":{"alt_text":"","src":"","width":0,"height":0},"classes":[]}],"jetpack_sharing_enabled":true,"_links":{"self":[{"href":"https:\/\/www.abc-gefahren.de\/blog\/wp-json\/wp\/v2\/posts\/4960","targetHints":{"allow":["GET"]}}],"collection":[{"href":"https:\/\/www.abc-gefahren.de\/blog\/wp-json\/wp\/v2\/posts"}],"about":[{"href":"https:\/\/www.abc-gefahren.de\/blog\/wp-json\/wp\/v2\/types\/post"}],"author":[{"embeddable":true,"href":"https:\/\/www.abc-gefahren.de\/blog\/wp-json\/wp\/v2\/users\/2"}],"replies":[{"embeddable":true,"href":"https:\/\/www.abc-gefahren.de\/blog\/wp-json\/wp\/v2\/comments?post=4960"}],"version-history":[{"count":3,"href":"https:\/\/www.abc-gefahren.de\/blog\/wp-json\/wp\/v2\/posts\/4960\/revisions"}],"predecessor-version":[{"id":4978,"href":"https:\/\/www.abc-gefahren.de\/blog\/wp-json\/wp\/v2\/posts\/4960\/revisions\/4978"}],"wp:attachment":[{"href":"https:\/\/www.abc-gefahren.de\/blog\/wp-json\/wp\/v2\/media?parent=4960"}],"wp:term":[{"taxonomy":"category","embeddable":true,"href":"https:\/\/www.abc-gefahren.de\/blog\/wp-json\/wp\/v2\/categories?post=4960"},{"taxonomy":"post_tag","embeddable":true,"href":"https:\/\/www.abc-gefahren.de\/blog\/wp-json\/wp\/v2\/tags?post=4960"}],"curies":[{"name":"wp","href":"https:\/\/api.w.org\/{rel}","templated":true}]}}